{"id":10433,"date":"2021-08-19T15:08:39","date_gmt":"2021-08-19T15:08:39","guid":{"rendered":"http:\/\/www.pasadenahoy.com\/primero\/?p=10433"},"modified":"2021-08-19T15:08:42","modified_gmt":"2021-08-19T15:08:42","slug":"83-4-de-los-habitantes-de-pasadena-se-vacunaron-contra-covid-mas-alto-que-los-promedios-del-condado-o-del-estado","status":"publish","type":"post","link":"http:\/\/www.pasadenahoy.com\/primero\/la-comunidad\/83-4-de-los-habitantes-de-pasadena-se-vacunaron-contra-covid-mas-alto-que-los-promedios-del-condado-o-del-estado\/","title":{"rendered":"83.4% de los habitantes de Pasadena se vacunaron contra COVID, m\u00e1s alto que los promedios del condado o del estado"},"content":{"rendered":"\n<figure class=\"wp-block-image alignnone size-large\"><figure class=\"alignnone\"><img loading=\"lazy\" width=\"700\" height=\"378\" src=\"http:\/\/www.pasadenahoy.com\/primero\/wp-content\/uploads\/2021\/04\/Covid-Update-1-1-1-700x378-1.jpg\" alt=\"\" class=\"wp-image-7899\" srcset=\"http:\/\/www.pasadenahoy.com\/primero\/wp-content\/uploads\/2021\/04\/Covid-Update-1-1-1-700x378-1.jpg 700w, http:\/\/www.pasadenahoy.com\/primero\/wp-content\/uploads\/2021\/04\/Covid-Update-1-1-1-700x378-1-300x162.jpg 300w, http:\/\/www.pasadenahoy.com\/primero\/wp-content\/uploads\/2021\/04\/Covid-Update-1-1-1-700x378-1-241x130.jpg 241w, http:\/\/www.pasadenahoy.com\/primero\/wp-content\/uploads\/2021\/04\/Covid-Update-1-1-1-700x378-1-333x180.jpg 333w, http:\/\/www.pasadenahoy.com\/primero\/wp-content\/uploads\/2021\/04\/Covid-Update-1-1-1-700x378-1-360x194.jpg 360w\" sizes=\"100vw\" \/><\/figure><\/figure>\n\n\n\n<p>La abrumadora mayor\u00eda de los habitantes de Pasadena que han sido completamente vacunados contra COVID-19 ha crecido a\u00fan m\u00e1s, y los funcionarios de salud p\u00fablica informaron esta semana que el 83.4% de los residentes de la ciudad mayores de la edad m\u00ednima elegible de 12 a\u00f1os han cumplido con el punto de referencia.<\/p>\n\n\n\n<p>Otro 8,9% de la poblaci\u00f3n elegible de la ciudad ya hab\u00eda recibido al menos una dosis de reg\u00edmenes de vacunas de dos dosis, dijeron las autoridades.<\/p>\n\n\n\n<p>En comparaci\u00f3n, el Departamento de Salud P\u00fablica del Condado de Los \u00c1ngeles inform\u00f3 esta semana que el 63% de los residentes elegibles hab\u00edan sido completamente vacunados en todo el condado, mientras que otro 9.3% ya hab\u00eda recibido al menos una dosis de vacuna.<\/p>\n\n\n\n<p>A nivel estatal, el 64,7% de la poblaci\u00f3n elegible hab\u00eda sido completamente vacunada y otro 10,3% hab\u00eda recibido al menos una inyecci\u00f3n, seg\u00fan datos del Departamento de Salud P\u00fablica de California.<\/p>\n\n\n\n<p>Mientras tanto, el Departamento de Salud P\u00fablica de Pasadena inform\u00f3 el mi\u00e9rcoles 28 nuevos casos de COVID-19 detectados en la ciudad, pero no m\u00e1s muertes.<\/p>\n\n\n\n<p>Desde el inicio de la pandemia, Pasadena hab\u00eda visto 12,435 infecciones y 355 muertes, seg\u00fan funcionarios y registros de la ciudad.<\/p>\n\n\n\n<p>La infecci\u00f3n semanal de la ciudad aument\u00f3 ligeramente, creciendo a un promedio de 34,1 nuevos casos de COVID-19 detectados cada d\u00eda, seg\u00fan muestran los datos de PPHD.<\/p>\n\n\n\n<p>Los funcionarios de salud del condado de Los \u00c1ngeles informaron 4.046 nuevas infecciones y 34 muertes el mi\u00e9rcoles, lo que eleva los totales del condado a 1.359.672 casos confirmados de COVID-19 y 24.967 muertes.<\/p>\n\n\n\n<p>Un poco m\u00e1s de 1.750 pacientes de COVID-19 estaban siendo tratados en hospitales del condado, dijo el Departamento de Salud P\u00fablica del Condado de Los \u00c1ngeles en una declaraci\u00f3n escrita. El veintitr\u00e9s por ciento de ellos estaban alojados en unidades de cuidados intensivos.<\/p>\n\n\n\n<p>La tasa de positividad diaria en todo el condado del mi\u00e9rcoles se midi\u00f3 en 3.6%.<\/p>\n\n\n\n<p>Las autoridades notaron un aumento en las infecciones entre las personas sin hogar en las \u00faltimas semanas.<\/p>\n\n\n\n<p>Se informaron menos de 30 infecciones cada semana entre los no alojados en el condado de Los \u00c1ngeles entre fines de febrero y fines de julio, seg\u00fan el comunicado. &#8220;Esta semana, se informaron 185 casos nuevos entre personas sin hogar, que incluyen 71 casos de semanas anteriores que se identificaron recientemente como casos asociados con personas sin hogar y se incluyen en los nuevos totales de casos&#8221;.<\/p>\n\n\n\n<p>&#8220;Tenemos una poblaci\u00f3n muy grande de personas sin hogar en el condado de Los \u00c1ngeles, y la disponibilidad de viviendas de emergencia, provisionales y permanentes sigue siendo una prioridad, particularmente durante esta pandemia de larga duraci\u00f3n&#8221;, dijo la directora de salud p\u00fablica del condado de Los \u00c1ngeles, Barbara Ferrer.<\/p>\n\n\n\n<p>&#8220;Las personas que se encuentran sin hogar tienen un alto riesgo de contraer la enfermedad COVID-19 grave debido a problemas de salud subyacentes, la edad o ambos&#8221;, agreg\u00f3. \u201cA medida que nos asociamos con otros para llegar a las personas sin hogar que a\u00fan no est\u00e1n vacunadas, la protecci\u00f3n en capas en los programas que sirven a esta poblaci\u00f3n es fundamental. Esto incluye ofrecer instalaciones de aislamiento y cuarentena para las personas positivas a COVID-19 y para aquellos contactos cercanos a los casos positivos que no est\u00e1n protegidos. Al igual que con las oleadas anteriores, nuestras estrategias para reducir la transmisi\u00f3n deben centrarse en aquellos en alto riesgo que no cuentan con los recursos adecuados &#8220;.<\/p>\n\n\n\n<p>Los funcionarios de salud estatales anunciaron 14.317 nuevas infecciones por COVID-19 y 90 muertes el mi\u00e9rcoles, lo que elev\u00f3 los totales estatales a 4.057.724 casos del virus y 64.291 muertes.<\/p>\n\n\n\n<p>La tasa de positividad semanal en todo el estado subi\u00f3 levemente a 6.1%, seg\u00fan datos del CDPH.<\/p>\n\n\n\n<p>Hasta el mi\u00e9rcoles, el condado de Los \u00c1ngeles representaba el 34% de las infecciones por COVID-19 de California y el 39% de las muertes del estado.<\/p>\n","protected":false},"excerpt":{"rendered":"<p>La abrumadora mayor\u00eda de los habitantes de Pasadena que han sido completamente vacunados contra COVID-19 ha crecido a\u00fan m\u00e1s, y los funcionarios de salud p\u00fablica informaron esta semana que el 83.4% de los residentes de la ciudad mayores de la edad m\u00ednima elegible de 12 a\u00f1os han cumplido con el punto de referencia. Otro 8,9% de la poblaci\u00f3n elegible de la ciudad ya hab\u00eda recibido al menos una dosis de reg\u00edmenes de vacunas de dos dosis, dijeron las autoridades. En [&hellip;]<\/p>\n","protected":false},"author":4,"featured_media":7899,"comment_status":"open","ping_status":"closed","sticky":false,"template":"","format":"standard","meta":[],"categories":[4],"tags":[],"acf":[],"_links":{"self":[{"href":"http:\/\/www.pasadenahoy.com\/primero\/wp-json\/wp\/v2\/posts\/10433"}],"collection":[{"href":"http:\/\/www.pasadenahoy.com\/primero\/wp-json\/wp\/v2\/posts"}],"about":[{"href":"http:\/\/www.pasadenahoy.com\/primero\/wp-json\/wp\/v2\/types\/post"}],"author":[{"embeddable":true,"href":"http:\/\/www.pasadenahoy.com\/primero\/wp-json\/wp\/v2\/users\/4"}],"replies":[{"embeddable":true,"href":"http:\/\/www.pasadenahoy.com\/primero\/wp-json\/wp\/v2\/comments?post=10433"}],"version-history":[{"count":2,"href":"http:\/\/www.pasadenahoy.com\/primero\/wp-json\/wp\/v2\/posts\/10433\/revisions"}],"predecessor-version":[{"id":10435,"href":"http:\/\/www.pasadenahoy.com\/primero\/wp-json\/wp\/v2\/posts\/10433\/revisions\/10435"}],"wp:featuredmedia":[{"embeddable":true,"href":"http:\/\/www.pasadenahoy.com\/primero\/wp-json\/wp\/v2\/media\/7899"}],"wp:attachment":[{"href":"http:\/\/www.pasadenahoy.com\/primero\/wp-json\/wp\/v2\/media?parent=10433"}],"wp:term":[{"taxonomy":"category","embeddable":true,"href":"http:\/\/www.pasadenahoy.com\/primero\/wp-json\/wp\/v2\/categories?post=10433"},{"taxonomy":"post_tag","embeddable":true,"href":"http:\/\/www.pasadenahoy.com\/primero\/wp-json\/wp\/v2\/tags?post=10433"}],"curies":[{"name":"wp","href":"https:\/\/api.w.org\/{rel}","templated":true}]}}