{"id":10436,"date":"2021-08-19T15:13:00","date_gmt":"2021-08-19T15:13:00","guid":{"rendered":"http:\/\/www.pasadenahoy.com\/primero\/?p=10436"},"modified":"2021-08-19T15:13:03","modified_gmt":"2021-08-19T15:13:03","slug":"estudiantes-de-septimo-grado-no-vacunados-de-marshall-fundamental-puestos-en-cuarentena","status":"publish","type":"post","link":"http:\/\/www.pasadenahoy.com\/primero\/la-comunidad\/estudiantes-de-septimo-grado-no-vacunados-de-marshall-fundamental-puestos-en-cuarentena\/","title":{"rendered":"Estudiantes de s\u00e9ptimo grado no vacunados de Marshall Fundamental puestos en cuarentena"},"content":{"rendered":"\n<figure class=\"wp-block-image alignnone size-large\"><figure class=\"alignnone\"><img loading=\"lazy\" width=\"740\" height=\"400\" src=\"http:\/\/www.pasadenahoy.com\/primero\/wp-content\/uploads\/2021\/08\/pic-3-7.jpg\" alt=\"\" class=\"wp-image-10437\" srcset=\"http:\/\/www.pasadenahoy.com\/primero\/wp-content\/uploads\/2021\/08\/pic-3-7.jpg 740w, http:\/\/www.pasadenahoy.com\/primero\/wp-content\/uploads\/2021\/08\/pic-3-7-300x162.jpg 300w, http:\/\/www.pasadenahoy.com\/primero\/wp-content\/uploads\/2021\/08\/pic-3-7-241x130.jpg 241w, http:\/\/www.pasadenahoy.com\/primero\/wp-content\/uploads\/2021\/08\/pic-3-7-333x180.jpg 333w, http:\/\/www.pasadenahoy.com\/primero\/wp-content\/uploads\/2021\/08\/pic-3-7-700x378.jpg 700w, http:\/\/www.pasadenahoy.com\/primero\/wp-content\/uploads\/2021\/08\/pic-3-7-360x195.jpg 360w, http:\/\/www.pasadenahoy.com\/primero\/wp-content\/uploads\/2021\/08\/pic-3-7-720x389.jpg 720w\" sizes=\"100vw\" \/><\/figure><\/figure>\n\n\n\n<p>Seg\u00fan un correo electr\u00f3nico enviado el mi\u00e9rcoles, todos los estudiantes de s\u00e9ptimo grado no vacunados en Marshall Fundamental han sido puestos en cuarentena despu\u00e9s de que el departamento de salud de la ciudad vincul\u00f3 dos casos de COVID-19 con los estudiantes que asist\u00edan a la escuela.<\/p>\n\n\n\n<p>&#8220;Hemos informado a los padres y tutores de Marshall Fundamental s\u00e9ptimo grado que el Departamento de Salud P\u00fablica de Pasadena nos inform\u00f3 esta noche que ha encontrado evidencia de que dos casos confirmados de COVID-19 est\u00e1n vinculados epidemiol\u00f3gicamente&#8221;, dice el correo electr\u00f3nico de la directora de Marshall, Lori Simone Touloumian.<\/p>\n\n\n\n<p>La carta se envi\u00f3 a las familias de los estudiantes que asist\u00edan a la escuela.<\/p>\n\n\n\n<p>\u201cEsto significa que las personas infectadas comparten una membres\u00eda com\u00fan en la escuela (por ejemplo, aula, evento escolar, actividad extracurricular escolar, clase acad\u00e9mica, equipos deportivos, clubes, transporte). Los dos casos confirmados han estado presentes en alg\u00fan momento en el mismo entorno durante el mismo per\u00edodo de tiempo, mientras que fueron infecciosos dentro de un per\u00edodo de 14 d\u00edas \u201d, contin\u00faa la carta.<\/p>\n\n\n\n<p>Seg\u00fan el informe, el distrito est\u00e1 implementando medidas adicionales de control de infecciones seg\u00fan lo indicado por el Protocolo de Manejo de Exposici\u00f3n del Departamento de Salud P\u00fablica de Pasadena y poniendo en cuarentena inmediatamente a todos los estudiantes de s\u00e9ptimo grado no vacunados.<\/p>\n\n\n\n<p>\u201cTodos los dem\u00e1s grados de Marshall permanecer\u00e1n abiertos\u201d, dice la carta.<\/p>\n\n\n\n<p>A pesar de varios correos electr\u00f3nicos enviados a principios de esta semana solicitando informaci\u00f3n sobre una exposici\u00f3n a COVID en Marshall e informes de que se orden\u00f3 a algunos estudiantes que se pusieran en cuarentena durante los \u00faltimos tres d\u00edas, el distrito no brind\u00f3 ning\u00fan comentario a Pasadena Now.<\/p>\n\n\n\n<p>En su informe p\u00fablico publicado el mi\u00e9rcoles por la tarde, el distrito no inform\u00f3 casos adicionales entre estudiantes o personal en los \u00faltimos 10 d\u00edas.<\/p>\n\n\n\n<p>Haga clic para ver el panel COVID-19 de PUSD, publicado el mi\u00e9rcoles 18 de agosto<\/p>\n\n\n\n<p>No se enumeraron casos nuevos en Marshall Fundamental en los \u00faltimos 10 d\u00edas seg\u00fan ese informe. Las escuelas del PUSD abrieron hace una semana.<\/p>\n\n\n\n<p>El distrito no respondi\u00f3 a un correo electr\u00f3nico sobre el informe.<\/p>\n\n\n\n<p>El distrito fue criticado por no exigir las vacunas de sus maestros a principios de este mes.<\/p>\n\n\n\n<p>A pesar de las s\u00faplicas de los padres locales y del alcalde V\u00edctor Gordo, el tema nunca se someti\u00f3 a votaci\u00f3n.<\/p>\n\n\n\n<p>La semana pasada, el gobernador Gavin Newsom anunci\u00f3 una pol\u00edtica estatal que requiere que todos los maestros y empleados escolares del estado muestren prueba de la vacuna COVID-19 o se sometan a pruebas semanales.<\/p>\n","protected":false},"excerpt":{"rendered":"<p>Seg\u00fan un correo electr\u00f3nico enviado el mi\u00e9rcoles, todos los estudiantes de s\u00e9ptimo grado no vacunados en Marshall Fundamental han sido puestos en cuarentena despu\u00e9s de que el departamento de salud de la ciudad vincul\u00f3 dos casos de COVID-19 con los estudiantes que asist\u00edan a la escuela. &#8220;Hemos informado a los padres y tutores de Marshall Fundamental s\u00e9ptimo grado que el Departamento de Salud P\u00fablica de Pasadena nos inform\u00f3 esta noche que ha encontrado evidencia de que dos casos confirmados de [&hellip;]<\/p>\n","protected":false},"author":4,"featured_media":10437,"comment_status":"open","ping_status":"closed","sticky":false,"template":"","format":"standard","meta":[],"categories":[4],"tags":[],"acf":[],"_links":{"self":[{"href":"http:\/\/www.pasadenahoy.com\/primero\/wp-json\/wp\/v2\/posts\/10436"}],"collection":[{"href":"http:\/\/www.pasadenahoy.com\/primero\/wp-json\/wp\/v2\/posts"}],"about":[{"href":"http:\/\/www.pasadenahoy.com\/primero\/wp-json\/wp\/v2\/types\/post"}],"author":[{"embeddable":true,"href":"http:\/\/www.pasadenahoy.com\/primero\/wp-json\/wp\/v2\/users\/4"}],"replies":[{"embeddable":true,"href":"http:\/\/www.pasadenahoy.com\/primero\/wp-json\/wp\/v2\/comments?post=10436"}],"version-history":[{"count":2,"href":"http:\/\/www.pasadenahoy.com\/primero\/wp-json\/wp\/v2\/posts\/10436\/revisions"}],"predecessor-version":[{"id":10439,"href":"http:\/\/www.pasadenahoy.com\/primero\/wp-json\/wp\/v2\/posts\/10436\/revisions\/10439"}],"wp:featuredmedia":[{"embeddable":true,"href":"http:\/\/www.pasadenahoy.com\/primero\/wp-json\/wp\/v2\/media\/10437"}],"wp:attachment":[{"href":"http:\/\/www.pasadenahoy.com\/primero\/wp-json\/wp\/v2\/media?parent=10436"}],"wp:term":[{"taxonomy":"category","embeddable":true,"href":"http:\/\/www.pasadenahoy.com\/primero\/wp-json\/wp\/v2\/categories?post=10436"},{"taxonomy":"post_tag","embeddable":true,"href":"http:\/\/www.pasadenahoy.com\/primero\/wp-json\/wp\/v2\/tags?post=10436"}],"curies":[{"name":"wp","href":"https:\/\/api.w.org\/{rel}","templated":true}]}}