{"id":10448,"date":"2021-08-19T15:28:41","date_gmt":"2021-08-19T15:28:41","guid":{"rendered":"http:\/\/www.pasadenahoy.com\/primero\/?p=10448"},"modified":"2021-08-19T15:28:43","modified_gmt":"2021-08-19T15:28:43","slug":"el-comite-de-la-ciudad-quiere-una-revision-adicional-de-las-barreras-recomendadas-para-la-prevencion-del-suicidio-para-el-puente-de-la-calle-colorado","status":"publish","type":"post","link":"http:\/\/www.pasadenahoy.com\/primero\/el-gobierno-local\/el-comite-de-la-ciudad-quiere-una-revision-adicional-de-las-barreras-recomendadas-para-la-prevencion-del-suicidio-para-el-puente-de-la-calle-colorado\/","title":{"rendered":"El comit\u00e9 de la ciudad quiere una revisi\u00f3n adicional de las barreras recomendadas para la prevenci\u00f3n del suicidio para el puente de la calle Colorado"},"content":{"rendered":"\n<figure class=\"wp-block-image alignnone size-large\"><figure class=\"alignnone\"><img loading=\"lazy\" width=\"740\" height=\"400\" src=\"http:\/\/www.pasadenahoy.com\/primero\/wp-content\/uploads\/2021\/08\/pic-6-8.jpg\" alt=\"\" class=\"wp-image-10449\" srcset=\"http:\/\/www.pasadenahoy.com\/primero\/wp-content\/uploads\/2021\/08\/pic-6-8.jpg 740w, http:\/\/www.pasadenahoy.com\/primero\/wp-content\/uploads\/2021\/08\/pic-6-8-300x162.jpg 300w, http:\/\/www.pasadenahoy.com\/primero\/wp-content\/uploads\/2021\/08\/pic-6-8-241x130.jpg 241w, http:\/\/www.pasadenahoy.com\/primero\/wp-content\/uploads\/2021\/08\/pic-6-8-333x180.jpg 333w, http:\/\/www.pasadenahoy.com\/primero\/wp-content\/uploads\/2021\/08\/pic-6-8-700x378.jpg 700w, http:\/\/www.pasadenahoy.com\/primero\/wp-content\/uploads\/2021\/08\/pic-6-8-360x195.jpg 360w, http:\/\/www.pasadenahoy.com\/primero\/wp-content\/uploads\/2021\/08\/pic-6-8-720x389.jpg 720w\" sizes=\"100vw\" \/><\/figure><\/figure>\n\n\n\n<p>El Comit\u00e9 de Seguridad P\u00fablica de Pasadena ha diferido la acci\u00f3n sobre los conceptos de dise\u00f1o propuestos para las barreras de prevenci\u00f3n del suicidio para el puente de la calle Colorado, ya que desea una revisi\u00f3n adicional y aportes p\u00fablicos adicionales sobre las recomendaciones del Departamento de Obras P\u00fablicas.<\/p>\n\n\n\n<p>Durante su reuni\u00f3n del mi\u00e9rcoles, los miembros del comit\u00e9 acordaron que a\u00fan no est\u00e1n preparados para tomar una decisi\u00f3n que ser\u00e1 remitida al Ayuntamiento.<\/p>\n\n\n\n<p>\u201cAprecio el trabajo del personal, pero tiendo a sentir que a\u00fan no estamos listos para tomar una decisi\u00f3n. O no hemos encontrado la soluci\u00f3n correcta todav\u00eda o no hemos tenido suficiente proceso todav\u00eda para identificar si tal vez la soluci\u00f3n correcta est\u00e1 frente a nosotros &#8220;.<\/p>\n\n\n\n<p>&#8220;Creo que ser\u00eda apropiado volver a la comunidad y tratar de provocar m\u00e1s comentarios, m\u00e1s discusi\u00f3n&#8221;, dijo el concejal Steve Madison.<\/p>\n\n\n\n<p>El alcalde V\u00edctor Gordo comparti\u00f3 la misma opini\u00f3n y dijo que el comit\u00e9 necesita m\u00e1s tiempo antes de decidir si aprobar\u00e1 o no la recomendaci\u00f3n del personal.<\/p>\n\n\n\n<p>\u201cEntiendo que nos gustar\u00eda comenzar a reducir el proceso, pero no creo que estemos listos para hacerlo. El hecho es que tenemos que hacerlo bien por motivos de seguridad, por todas las razones que hemos comentado. Ese es un puente tan ic\u00f3nico, es importante actuar para proteger vidas y creo firmemente que tenemos que tomarnos el tiempo para hacerlo bien &#8220;.<\/p>\n\n\n\n<p>&#8220;En mi opini\u00f3n, eso significa devolver esto para revisar m\u00e1s opciones&#8221;.<\/p>\n\n\n\n<p>El personal ha pedido al comit\u00e9 que considere si recomendar o no al Concejo Municipal la implementaci\u00f3n de dos de sus tres conceptos, &#8220;Opci\u00f3n A&#8221;, un marco vertical con una malla curva u &#8220;Opci\u00f3n B&#8221;, una barrera curva con una curva malla, diciendo que los dos primeros proporcionan el mismo nivel de protecci\u00f3n.<\/p>\n\n\n\n<p>Los dos conceptos, que se desarrollaron a trav\u00e9s de un proceso de divulgaci\u00f3n p\u00fablica que comenz\u00f3 en agosto de 2019, obtuvieron la mayor cantidad de votos del p\u00fablico, seg\u00fan una encuesta en l\u00ednea realizada por el personal de la ciudad.<\/p>\n\n\n\n<p>Hasta la fecha, el personal dijo que ha gastado hasta ahora un total de $ 1.050.000 millones en el dise\u00f1o de barreras para la prevenci\u00f3n del suicidio.<\/p>\n\n\n\n<p>Durante la reuni\u00f3n, Gordo dijo que el personal no debe descartar el cierre completo del puente, ya que esto puede brindar m\u00e1s protecci\u00f3n.<\/p>\n\n\n\n<p>De acuerdo con Gordo, el concejal Tyron Hampton dijo que un cerramiento completo del puente, que fue sugerido inicialmente por el concejal John Kennedy, es una &#8220;gran idea&#8221; y debe ser considerado por el personal, diciendo que esta ser\u00eda la \u00fanica forma de evitar que la gente salte. el puente.<\/p>\n\n\n\n<p>Hampton tambi\u00e9n sugiri\u00f3 ocupar temporalmente el puente con al menos dos personas para monitorear a los peatones en busca de comportamiento suicida mientras las discusiones sobre los conceptos de dise\u00f1o a\u00fan est\u00e1n en curso.<\/p>\n\n\n\n<p>En 2017, se instal\u00f3 una cerca temporal de tela met\u00e1lica de 10 pies de altura en cada uno de los huecos del puente para evitar incidentes suicidas. Un a\u00f1o despu\u00e9s, se instal\u00f3 una cerca de tela met\u00e1lica de 10 pies que se extend\u00eda por todo el puente para prevenir a\u00fan m\u00e1s los incidentes de suicidio.<\/p>\n\n\n\n<p>Tras la instalaci\u00f3n de la cerca, el Departamento de Polic\u00eda de Pasadena registr\u00f3 10 incidentes suicidas en 2017, cuatro en 2018, uno en 2019, cero en 2020 y uno en 2021.<\/p>\n\n\n\n<p>&#8220;Si tenemos [una] persona adicional en el puente cuidando este tipo de cosas, creo que ser\u00eda \u00fatil&#8221;, dijo Hampton.<\/p>\n\n\n\n<p>El administrador de la ciudad, Steve Mermell, no estuvo de acuerdo con la sugerencia debido a sus costos.<\/p>\n\n\n\n<p>&#8220;No creo que eso sea completamente factible, creo que la mejor soluci\u00f3n ser\u00eda dejar la estructura temporal hasta el momento en que se haya llegado a una soluci\u00f3n diferente&#8221;, dijo Mermell.<\/p>\n\n\n\n<p>Gordo, sin embargo, dijo que la sugerencia de vigilar el puente no debe descartarse por completo, y dijo que todas las sugerencias para prevenir incidentes suicidas deben ser analizadas.<\/p>\n\n\n\n<p>Durante la reuni\u00f3n, Kennedy ha tratado de instar al comit\u00e9 a tomar acci\u00f3n sobre la recomendaci\u00f3n del personal, espec\u00edficamente, para decidir un marco de tiempo para las discusiones p\u00fablicas y la revisi\u00f3n por parte del personal de todas las opciones para que el comit\u00e9 pueda presentar pronto al Concejo Municipal su recomendaciones.<\/p>\n\n\n\n<p>&#8220;Espero que mis colegas establezcan un marco de tiempo para eso, por lo que no tomar\u00e1 otros seis meses, y tendremos algo que podamos presentar c\u00f3modamente, pero al menos presente, al consejo total&#8221;, dijo Kennedy.<\/p>\n\n\n\n<p>A pesar de decir que el asunto ha estado en discusi\u00f3n durante \u201cdemasiado tiempo\u201d, Mermell no estuvo de acuerdo en establecer un cronograma para las discusiones p\u00fablicas y la revisi\u00f3n del asunto.<\/p>\n\n\n\n<p>En cambio, le pidi\u00f3 al comit\u00e9 que le diera al personal algo de tiempo para revisar los asuntos planteados por los miembros.<\/p>\n\n\n\n<p>\u201cCreo que probablemente tres meses sea demasiado agresivo. Hemos estado en esto durante un par de a\u00f1os, lo cual es demasiado, pero es un esfuerzo muy meditado &#8220;.<\/p>\n\n\n\n<p>\u201cObviamente, la fase del esfuerzo naturalmente se ralentizar\u00e1 un poco, pero continuaremos y podemos continuar explorando otras opciones alternativas regresando a este comit\u00e9 seg\u00fan corresponda para recibir comentarios\u201d, dijo Mermell.<\/p>\n","protected":false},"excerpt":{"rendered":"<p>El Comit\u00e9 de Seguridad P\u00fablica de Pasadena ha diferido la acci\u00f3n sobre los conceptos de dise\u00f1o propuestos para las barreras de prevenci\u00f3n del suicidio para el puente de la calle Colorado, ya que desea una revisi\u00f3n adicional y aportes p\u00fablicos adicionales sobre las recomendaciones del Departamento de Obras P\u00fablicas. Durante su reuni\u00f3n del mi\u00e9rcoles, los miembros del comit\u00e9 acordaron que a\u00fan no est\u00e1n preparados para tomar una decisi\u00f3n que ser\u00e1 remitida al Ayuntamiento. \u201cAprecio el trabajo del personal, pero tiendo [&hellip;]<\/p>\n","protected":false},"author":4,"featured_media":0,"comment_status":"open","ping_status":"closed","sticky":false,"template":"","format":"standard","meta":[],"categories":[6],"tags":[],"acf":[],"_links":{"self":[{"href":"http:\/\/www.pasadenahoy.com\/primero\/wp-json\/wp\/v2\/posts\/10448"}],"collection":[{"href":"http:\/\/www.pasadenahoy.com\/primero\/wp-json\/wp\/v2\/posts"}],"about":[{"href":"http:\/\/www.pasadenahoy.com\/primero\/wp-json\/wp\/v2\/types\/post"}],"author":[{"embeddable":true,"href":"http:\/\/www.pasadenahoy.com\/primero\/wp-json\/wp\/v2\/users\/4"}],"replies":[{"embeddable":true,"href":"http:\/\/www.pasadenahoy.com\/primero\/wp-json\/wp\/v2\/comments?post=10448"}],"version-history":[{"count":2,"href":"http:\/\/www.pasadenahoy.com\/primero\/wp-json\/wp\/v2\/posts\/10448\/revisions"}],"predecessor-version":[{"id":10451,"href":"http:\/\/www.pasadenahoy.com\/primero\/wp-json\/wp\/v2\/posts\/10448\/revisions\/10451"}],"wp:attachment":[{"href":"http:\/\/www.pasadenahoy.com\/primero\/wp-json\/wp\/v2\/media?parent=10448"}],"wp:term":[{"taxonomy":"category","embeddable":true,"href":"http:\/\/www.pasadenahoy.com\/primero\/wp-json\/wp\/v2\/categories?post=10448"},{"taxonomy":"post_tag","embeddable":true,"href":"http:\/\/www.pasadenahoy.com\/primero\/wp-json\/wp\/v2\/tags?post=10448"}],"curies":[{"name":"wp","href":"https:\/\/api.w.org\/{rel}","templated":true}]}}