{"id":10455,"date":"2021-08-20T15:04:47","date_gmt":"2021-08-20T15:04:47","guid":{"rendered":"http:\/\/www.pasadenahoy.com\/primero\/?p=10455"},"modified":"2021-08-20T15:04:49","modified_gmt":"2021-08-20T15:04:49","slug":"ciudad-torneo-de-las-rosas-equipo-para-las-vacunas","status":"publish","type":"post","link":"http:\/\/www.pasadenahoy.com\/primero\/la-comunidad\/ciudad-torneo-de-las-rosas-equipo-para-las-vacunas\/","title":{"rendered":"Ciudad, Torneo de las Rosas, Equipo para las Vacunas"},"content":{"rendered":"\n<figure class=\"wp-block-image alignnone size-large\"><figure class=\"alignnone\"><img loading=\"lazy\" width=\"800\" height=\"428\" src=\"http:\/\/www.pasadenahoy.com\/primero\/wp-content\/uploads\/2021\/08\/pic1-1.jpg\" alt=\"\" class=\"wp-image-10456\" srcset=\"http:\/\/www.pasadenahoy.com\/primero\/wp-content\/uploads\/2021\/08\/pic1-1.jpg 800w, http:\/\/www.pasadenahoy.com\/primero\/wp-content\/uploads\/2021\/08\/pic1-1-300x161.jpg 300w, http:\/\/www.pasadenahoy.com\/primero\/wp-content\/uploads\/2021\/08\/pic1-1-768x411.jpg 768w, http:\/\/www.pasadenahoy.com\/primero\/wp-content\/uploads\/2021\/08\/pic1-1-243x130.jpg 243w, http:\/\/www.pasadenahoy.com\/primero\/wp-content\/uploads\/2021\/08\/pic1-1-336x180.jpg 336w, http:\/\/www.pasadenahoy.com\/primero\/wp-content\/uploads\/2021\/08\/pic1-1-780x417.jpg 780w, http:\/\/www.pasadenahoy.com\/primero\/wp-content\/uploads\/2021\/08\/pic1-1-700x375.jpg 700w, http:\/\/www.pasadenahoy.com\/primero\/wp-content\/uploads\/2021\/08\/pic1-1-360x193.jpg 360w, http:\/\/www.pasadenahoy.com\/primero\/wp-content\/uploads\/2021\/08\/pic1-1-720x385.jpg 720w\" sizes=\"100vw\" \/><figcaption><span class=\"caption-text\">El Torneo de Rosas de Pasadena y la Ciudad de Pasadena se unieron el jueves en Tournament House para proporcionar otra ronda de vacunas comunitarias. (Foto cortes\u00eda del Torneo de Rosas)<\/span><\/figcaption><\/figure><\/figure>\n\n\n\n<p>Mientras Pasadena contin\u00faa liderando el estado en tasas de vacunaci\u00f3n contra Covid, el Torneo de Rosas de Pasadena y la Ciudad de Pasadena se unieron el jueves en Tournament House para proporcionar otra ronda de vacunas comunitarias, incluida una tercera vacuna para los residentes inmunodeprimidos, como parte de la # vacunarPasadena programa.<\/p>\n\n\n\n<p>\u201cEl Torneo de las Rosas ha sido un gran socio a lo largo de nuestro despliegue de #VaccinatePasadena\u201d, dijo la portavoz de la ciudad Lisa Derderian.<\/p>\n\n\n\n<p>Los voluntarios del torneo han trabajado en cl\u00ednicas emergentes en escuelas y en los sitios de dispensaci\u00f3n de Pasadena City College y Victory Park, adem\u00e1s de ayudar a promover las cl\u00ednicas comunitarias y entregar volantes en negocios locales, agreg\u00f3 Derderian.<\/p>\n\n\n\n<p>Derderian tambi\u00e9n se\u00f1al\u00f3 que el 94% de los residentes de Pasadena elegibles han recibido al menos una vacuna, y el 84% ha recibido dos dosis.<\/p>\n\n\n\n<p>\u201cEsos son n\u00fameros muy altos y estamos muy orgullosos de ellos\u201d, dijo. Pero Derderian tambi\u00e9n advirti\u00f3 que Pasadena tambi\u00e9n est\u00e1 experimentando una tasa de transmisi\u00f3n muy alta.<\/p>\n\n\n\n<p>\u201cNuestras cifras han aumentado significativamente, porcentualmente\u201d, dijo Derderian. \u201cEstamos viendo la variante Delta que se ha detectado en Pasadena, por lo que necesitamos que la comunidad haga lo correcto. En el futuro, no podr\u00e1 hacer mucho si no est\u00e1 vacunado &#8220;.<\/p>\n\n\n\n<p>Cuando se le pregunt\u00f3 c\u00f3mo la variante Delta y la pandemia en curso podr\u00edan afectar los eventos del D\u00eda de A\u00f1o Nuevo de 2022, David Eads, director ejecutivo y CEO del Tournament of Roses, dio una nota de confianza.<\/p>\n\n\n\n<p>&#8220;Actualmente estamos planeando albergar tanto el Rose Parade como el juego Rose Bowl&#8221;, dijo Eads. &#8220;Estamos trabajando en estrecha colaboraci\u00f3n con el Departamento de Salud P\u00fablica de Pasadena, as\u00ed como con el condado de Los \u00c1ngeles y la informaci\u00f3n de los CDC para asegurarnos de planificar el desfile y el juego de la manera m\u00e1s segura y eficaz que podamos&#8221;.<\/p>\n\n\n\n<p>\u201cLas personas que asisten al desfile pueden necesitar usar m\u00e1scaras, y todos nuestros participantes de la carroza en las carrozas pueden necesitar usar m\u00e1scaras\u201d, dijo Eads.<\/p>\n\n\n\n<p>A\u00f1adi\u00f3 que se deber\u00eda implementar cualquier requisito de distanciamiento social establecido.<\/p>\n\n\n\n<p>&#8220;Hagamos lo que hagamos&#8221;, dijo Eads, &#8220;estamos elaborando un plan de contingencia, de modo que podamos ocuparnos de los pedidos que est\u00e9n en vigor a partir del 1 de enero&#8221;.<\/p>\n\n\n\n<p>Eads tambi\u00e9n record\u00f3 a la comunidad que el Torneo de las Rosas contin\u00faa apoyando a #VaccinatePasadena al requerir que los solicitantes de la Corte Real de 2022 est\u00e9n completamente vacunados para participar. Las solicitudes ya est\u00e1n abiertas y el proceso de entrevistas comienza el pr\u00f3ximo mes, dijo.<\/p>\n","protected":false},"excerpt":{"rendered":"<p>Mientras Pasadena contin\u00faa liderando el estado en tasas de vacunaci\u00f3n contra Covid, el Torneo de Rosas de Pasadena y la Ciudad de Pasadena se unieron el jueves en Tournament House para proporcionar otra ronda de vacunas comunitarias, incluida una tercera vacuna para los residentes inmunodeprimidos, como parte de la # vacunarPasadena programa. \u201cEl Torneo de las Rosas ha sido un gran socio a lo largo de nuestro despliegue de #VaccinatePasadena\u201d, dijo la portavoz de la ciudad Lisa Derderian. Los voluntarios [&hellip;]<\/p>\n","protected":false},"author":4,"featured_media":10456,"comment_status":"open","ping_status":"closed","sticky":false,"template":"","format":"standard","meta":[],"categories":[4],"tags":[],"acf":[],"_links":{"self":[{"href":"http:\/\/www.pasadenahoy.com\/primero\/wp-json\/wp\/v2\/posts\/10455"}],"collection":[{"href":"http:\/\/www.pasadenahoy.com\/primero\/wp-json\/wp\/v2\/posts"}],"about":[{"href":"http:\/\/www.pasadenahoy.com\/primero\/wp-json\/wp\/v2\/types\/post"}],"author":[{"embeddable":true,"href":"http:\/\/www.pasadenahoy.com\/primero\/wp-json\/wp\/v2\/users\/4"}],"replies":[{"embeddable":true,"href":"http:\/\/www.pasadenahoy.com\/primero\/wp-json\/wp\/v2\/comments?post=10455"}],"version-history":[{"count":2,"href":"http:\/\/www.pasadenahoy.com\/primero\/wp-json\/wp\/v2\/posts\/10455\/revisions"}],"predecessor-version":[{"id":10458,"href":"http:\/\/www.pasadenahoy.com\/primero\/wp-json\/wp\/v2\/posts\/10455\/revisions\/10458"}],"wp:featuredmedia":[{"embeddable":true,"href":"http:\/\/www.pasadenahoy.com\/primero\/wp-json\/wp\/v2\/media\/10456"}],"wp:attachment":[{"href":"http:\/\/www.pasadenahoy.com\/primero\/wp-json\/wp\/v2\/media?parent=10455"}],"wp:term":[{"taxonomy":"category","embeddable":true,"href":"http:\/\/www.pasadenahoy.com\/primero\/wp-json\/wp\/v2\/categories?post=10455"},{"taxonomy":"post_tag","embeddable":true,"href":"http:\/\/www.pasadenahoy.com\/primero\/wp-json\/wp\/v2\/tags?post=10455"}],"curies":[{"name":"wp","href":"https:\/\/api.w.org\/{rel}","templated":true}]}}