{"id":10463,"date":"2021-08-20T15:19:36","date_gmt":"2021-08-20T15:19:36","guid":{"rendered":"http:\/\/www.pasadenahoy.com\/primero\/?p=10463"},"modified":"2021-08-20T15:19:37","modified_gmt":"2021-08-20T15:19:37","slug":"protesta-de-la-asociacion-de-profesores-del-pcc-cancelada","status":"publish","type":"post","link":"http:\/\/www.pasadenahoy.com\/primero\/la-comunidad\/protesta-de-la-asociacion-de-profesores-del-pcc-cancelada\/","title":{"rendered":"Protesta de la Asociaci\u00f3n de Profesores del PCC cancelada"},"content":{"rendered":"\n<div class=\"wp-block-image alignright\"><figure class=\"alignright size-large\"><img loading=\"lazy\" width=\"430\" height=\"232\" src=\"http:\/\/www.pasadenahoy.com\/primero\/wp-content\/uploads\/2021\/08\/pic-3-8.jpg\" alt=\"\" class=\"wp-image-10464\" srcset=\"http:\/\/www.pasadenahoy.com\/primero\/wp-content\/uploads\/2021\/08\/pic-3-8.jpg 430w, http:\/\/www.pasadenahoy.com\/primero\/wp-content\/uploads\/2021\/08\/pic-3-8-300x162.jpg 300w, http:\/\/www.pasadenahoy.com\/primero\/wp-content\/uploads\/2021\/08\/pic-3-8-241x130.jpg 241w, http:\/\/www.pasadenahoy.com\/primero\/wp-content\/uploads\/2021\/08\/pic-3-8-334x180.jpg 334w, http:\/\/www.pasadenahoy.com\/primero\/wp-content\/uploads\/2021\/08\/pic-3-8-360x194.jpg 360w\" sizes=\"100vw\" \/><\/figure><\/div>\n\n\n\n<p>Se cancel\u00f3 una protesta planificada por la Asociaci\u00f3n de Profesores de Pasadena City College que ped\u00eda a la Junta de Fideicomisarios del PCC declarar una emergencia y regresar a la instrucci\u00f3n remota.<\/p>\n\n\n\n<p>No se dio una raz\u00f3n para la cancelaci\u00f3n.<\/p>\n\n\n\n<p>La asociaci\u00f3n planeaba reunirse cerca del grupo de reflexi\u00f3n el viernes y emitir sus demandas, impulsadas por preocupaciones sobre la seguridad de los estudiantes, profesores, personal y la comunidad en general, dada la gran cantidad de clases presenciales programadas para el Semestre de oto\u00f1o de 2021 en Pasadena City College.<\/p>\n\n\n\n<p>La asociaci\u00f3n tambi\u00e9n estaba exigiendo que la junta ordenara el restablecimiento de los Formularios D temporales, lo que permitir\u00eda volver a la instrucci\u00f3n remota, y que a los profesores no instructores se les diera la oportunidad de trabajar de forma remota fuera del campus.<\/p>\n\n\n\n<p>En la biblioteca y otros espacios de trabajo, incluidos, entre otros, los centros de \u00e9xito, el distrito emplear\u00e1 recursos adicionales como cadetes para supervisar el acceso a la biblioteca y el cumplimiento de todas las medidas de seguridad.<\/p>\n\n\n\n<p>El formulario D permite que las clases se impartan en l\u00ednea o mediante m\u00e9todos h\u00edbridos, pero no todas las clases tienen un formulario D v\u00e1lido.<\/p>\n\n\n\n<p>En un correo electr\u00f3nico enviado a Pasadena Now el mi\u00e9rcoles, la universidad se describi\u00f3 como un &#8220;valor at\u00edpico&#8221; en comparaci\u00f3n con otros campus, incluidos Chaffey College, Mt. San Antonio College, los campus de CSU y Citrus College, que seg\u00fan una persona est\u00e1n avanzando con casi todos cursos online.<\/p>\n\n\n\n<p>La Junta de S\u00edndicos aprob\u00f3 el mi\u00e9rcoles un memorando de entendimiento que prohibir\u00e1 la entrada al campus a estudiantes, personal y profesores no vacunados a partir del 30 de septiembre.<\/p>\n\n\n\n<p>\u201cLos estudiantes que no est\u00e9n completamente vacunados para el 30 de septiembre de 2021 ser\u00e1n retirados de todas sus clases presenciales\u201d, seg\u00fan un acuerdo de regreso al campus del semestre de oto\u00f1o de 2021.<\/p>\n\n\n\n<p>\u201cLos profesores, que no est\u00e1n exentos y que optan por no vacunarse, ser\u00e1n colocados en licencia sin goce de sueldo por la duraci\u00f3n del semestre en el que no est\u00e9n vacunados, sin exceder los dos semestres con la aprobaci\u00f3n de la junta\u201d, establece el acuerdo.<\/p>\n","protected":false},"excerpt":{"rendered":"<p>Se cancel\u00f3 una protesta planificada por la Asociaci\u00f3n de Profesores de Pasadena City College que ped\u00eda a la Junta de Fideicomisarios del PCC declarar una emergencia y regresar a la instrucci\u00f3n remota. No se dio una raz\u00f3n para la cancelaci\u00f3n. La asociaci\u00f3n planeaba reunirse cerca del grupo de reflexi\u00f3n el viernes y emitir sus demandas, impulsadas por preocupaciones sobre la seguridad de los estudiantes, profesores, personal y la comunidad en general, dada la gran cantidad de clases presenciales programadas para [&hellip;]<\/p>\n","protected":false},"author":4,"featured_media":10464,"comment_status":"open","ping_status":"closed","sticky":false,"template":"","format":"standard","meta":[],"categories":[4],"tags":[],"acf":[],"_links":{"self":[{"href":"http:\/\/www.pasadenahoy.com\/primero\/wp-json\/wp\/v2\/posts\/10463"}],"collection":[{"href":"http:\/\/www.pasadenahoy.com\/primero\/wp-json\/wp\/v2\/posts"}],"about":[{"href":"http:\/\/www.pasadenahoy.com\/primero\/wp-json\/wp\/v2\/types\/post"}],"author":[{"embeddable":true,"href":"http:\/\/www.pasadenahoy.com\/primero\/wp-json\/wp\/v2\/users\/4"}],"replies":[{"embeddable":true,"href":"http:\/\/www.pasadenahoy.com\/primero\/wp-json\/wp\/v2\/comments?post=10463"}],"version-history":[{"count":2,"href":"http:\/\/www.pasadenahoy.com\/primero\/wp-json\/wp\/v2\/posts\/10463\/revisions"}],"predecessor-version":[{"id":10466,"href":"http:\/\/www.pasadenahoy.com\/primero\/wp-json\/wp\/v2\/posts\/10463\/revisions\/10466"}],"wp:featuredmedia":[{"embeddable":true,"href":"http:\/\/www.pasadenahoy.com\/primero\/wp-json\/wp\/v2\/media\/10464"}],"wp:attachment":[{"href":"http:\/\/www.pasadenahoy.com\/primero\/wp-json\/wp\/v2\/media?parent=10463"}],"wp:term":[{"taxonomy":"category","embeddable":true,"href":"http:\/\/www.pasadenahoy.com\/primero\/wp-json\/wp\/v2\/categories?post=10463"},{"taxonomy":"post_tag","embeddable":true,"href":"http:\/\/www.pasadenahoy.com\/primero\/wp-json\/wp\/v2\/tags?post=10463"}],"curies":[{"name":"wp","href":"https:\/\/api.w.org\/{rel}","templated":true}]}}