{"id":10467,"date":"2021-08-20T15:24:26","date_gmt":"2021-08-20T15:24:26","guid":{"rendered":"http:\/\/www.pasadenahoy.com\/primero\/?p=10467"},"modified":"2021-08-20T15:24:28","modified_gmt":"2021-08-20T15:24:28","slug":"sospechosos-arrestados-en-el-accidente-de-burbank-street-racing-que-mato-a-un-hombre-de-pasadena-y-otras-2-victimas","status":"publish","type":"post","link":"http:\/\/www.pasadenahoy.com\/primero\/la-comunidad\/sospechosos-arrestados-en-el-accidente-de-burbank-street-racing-que-mato-a-un-hombre-de-pasadena-y-otras-2-victimas\/","title":{"rendered":"Sospechosos arrestados en el accidente de Burbank Street Racing que mat\u00f3 a un hombre de Pasadena y otras 2 v\u00edctimas"},"content":{"rendered":"\n<figure class=\"wp-block-image alignnone size-large\"><figure class=\"alignnone\"><img loading=\"lazy\" width=\"740\" height=\"400\" src=\"http:\/\/www.pasadenahoy.com\/primero\/wp-content\/uploads\/2021\/08\/pic-4-1.png\" alt=\"\" class=\"wp-image-10468\" srcset=\"http:\/\/www.pasadenahoy.com\/primero\/wp-content\/uploads\/2021\/08\/pic-4-1.png 740w, http:\/\/www.pasadenahoy.com\/primero\/wp-content\/uploads\/2021\/08\/pic-4-1-300x162.png 300w, http:\/\/www.pasadenahoy.com\/primero\/wp-content\/uploads\/2021\/08\/pic-4-1-241x130.png 241w, http:\/\/www.pasadenahoy.com\/primero\/wp-content\/uploads\/2021\/08\/pic-4-1-333x180.png 333w, http:\/\/www.pasadenahoy.com\/primero\/wp-content\/uploads\/2021\/08\/pic-4-1-700x378.png 700w, http:\/\/www.pasadenahoy.com\/primero\/wp-content\/uploads\/2021\/08\/pic-4-1-360x195.png 360w, http:\/\/www.pasadenahoy.com\/primero\/wp-content\/uploads\/2021\/08\/pic-4-1-720x389.png 720w\" sizes=\"100vw\" \/><figcaption><span class=\"caption-text\">(Cr\u00e9dito de la foto: WOW Media)<\/span><\/figcaption><\/figure><\/figure>\n\n\n\n<p>Un joven y un adolescente fueron arrestados el jueves en relaci\u00f3n con la muerte de un hombre de Pasadena de 21 a\u00f1os y otros dos en una colisi\u00f3n de fuego de tres veh\u00edculos en Burbank durante una carrera callejera ilegal, inform\u00f3 la polic\u00eda.<\/p>\n\n\n\n<p>Hamlet Arseni Aghajanyan, de 19 a\u00f1os, de Burbank, y un sospechoso de 17 a\u00f1os, cuyo nombre fue ocultado, fueron arrestados bajo sospecha de tres cargos de asesinato y un cargo de conducci\u00f3n imprudente, seg\u00fan un comunicado del Departamento de Polic\u00eda de Burbank.<\/p>\n\n\n\n<p>El accidente ocurri\u00f3 alrededor de las 11:50 p.m. El 3 de agosto en North Glenoaks Boulevard en Andover Drive, dijo el sargento de polic\u00eda de Burbank. Emil Brimway, quien dijo que las v\u00edctimas fatalmente heridas no estaban involucradas en la supuesta carrera callejera.<\/p>\n\n\n\n<p>Cuando llegaron los polic\u00edas y los param\u00e9dicos, encontraron a tres personas que hab\u00edan sido expulsadas de un Volkswagen plateado. El residente de Pasadena, Cerain Anthony Raekwon Baker, de 21 a\u00f1os, el residente de Burbank, Jaiden Kishon Johnson, de 20 y la residente de Calabasas de 19 a\u00f1os, Natalee Asal Moghaddam, fueron declarados muertos en el lugar.<\/p>\n\n\n\n<p>Un cuarto ocupante del Volkswagen sufri\u00f3 heridas graves y fue trasladado a un centro de traumatolog\u00eda local, dijo la polic\u00eda.<\/p>\n\n\n\n<p>Aghajanyan, quien fue encontrado gravemente herido en un Kia gris, tambi\u00e9n fue llevado a un centro de trauma para recibir tratamiento, seg\u00fan la polic\u00eda.<\/p>\n\n\n\n<p>El joven de 17 a\u00f1os estaba al volante de un Mercedes-Benz negro, seg\u00fan Brimway, quien dijo que el adolescente y un pasajero resultaron ilesos.<\/p>\n\n\n\n<p>Brimway dijo entonces que \u201cel Kia y el Mercedes-Benz viajaban en direcci\u00f3n norte por Glenoaks Boulevard a una alta velocidad durante varias cuadras y parec\u00edan estar corriendo. El Volkswagen estaba intentando negociar un giro a la izquierda desde Glenoaks Boulevard en direcci\u00f3n sur hasta Andover Drive en direcci\u00f3n este, cuando ocurri\u00f3 la colisi\u00f3n de tr\u00e1fico \u201d.<\/p>\n\n\n\n<p>Uno de los autos estaba \u201cparcialmente partido por la mitad\u201d, seg\u00fan la polic\u00eda, que dijo que varios veh\u00edculos estacionados tambi\u00e9n resultaron da\u00f1ados.<\/p>\n\n\n\n<p>Aghajanyan est\u00e1 detenido con una fianza de $ 6 millones y se espera que comparezca ante el tribunal el lunes. El conductor de 17 a\u00f1os est\u00e1 detenido en un centro de detenci\u00f3n de menores.<\/p>\n\n\n\n<p>Los detectives de Burbank todav\u00eda est\u00e1n investigando la colisi\u00f3n y le pidieron a cualquier persona que tenga informaci\u00f3n que se comunique con la Divisi\u00f3n de Investigaci\u00f3n del departamento al 818-238-3210.<\/p>\n","protected":false},"excerpt":{"rendered":"<p>Un joven y un adolescente fueron arrestados el jueves en relaci\u00f3n con la muerte de un hombre de Pasadena de 21 a\u00f1os y otros dos en una colisi\u00f3n de fuego de tres veh\u00edculos en Burbank durante una carrera callejera ilegal, inform\u00f3 la polic\u00eda. Hamlet Arseni Aghajanyan, de 19 a\u00f1os, de Burbank, y un sospechoso de 17 a\u00f1os, cuyo nombre fue ocultado, fueron arrestados bajo sospecha de tres cargos de asesinato y un cargo de conducci\u00f3n imprudente, seg\u00fan un comunicado del [&hellip;]<\/p>\n","protected":false},"author":4,"featured_media":0,"comment_status":"open","ping_status":"closed","sticky":false,"template":"","format":"standard","meta":[],"categories":[4],"tags":[],"acf":[],"_links":{"self":[{"href":"http:\/\/www.pasadenahoy.com\/primero\/wp-json\/wp\/v2\/posts\/10467"}],"collection":[{"href":"http:\/\/www.pasadenahoy.com\/primero\/wp-json\/wp\/v2\/posts"}],"about":[{"href":"http:\/\/www.pasadenahoy.com\/primero\/wp-json\/wp\/v2\/types\/post"}],"author":[{"embeddable":true,"href":"http:\/\/www.pasadenahoy.com\/primero\/wp-json\/wp\/v2\/users\/4"}],"replies":[{"embeddable":true,"href":"http:\/\/www.pasadenahoy.com\/primero\/wp-json\/wp\/v2\/comments?post=10467"}],"version-history":[{"count":2,"href":"http:\/\/www.pasadenahoy.com\/primero\/wp-json\/wp\/v2\/posts\/10467\/revisions"}],"predecessor-version":[{"id":10470,"href":"http:\/\/www.pasadenahoy.com\/primero\/wp-json\/wp\/v2\/posts\/10467\/revisions\/10470"}],"wp:attachment":[{"href":"http:\/\/www.pasadenahoy.com\/primero\/wp-json\/wp\/v2\/media?parent=10467"}],"wp:term":[{"taxonomy":"category","embeddable":true,"href":"http:\/\/www.pasadenahoy.com\/primero\/wp-json\/wp\/v2\/categories?post=10467"},{"taxonomy":"post_tag","embeddable":true,"href":"http:\/\/www.pasadenahoy.com\/primero\/wp-json\/wp\/v2\/tags?post=10467"}],"curies":[{"name":"wp","href":"https:\/\/api.w.org\/{rel}","templated":true}]}}