{"id":10475,"date":"2021-08-20T15:35:59","date_gmt":"2021-08-20T15:35:59","guid":{"rendered":"http:\/\/www.pasadenahoy.com\/primero\/?p=10475"},"modified":"2021-08-20T15:36:02","modified_gmt":"2021-08-20T15:36:02","slug":"el-departamento-de-bomberos-de-pasadena-obtiene-2-nuevas-ambulancias-de-rescate","status":"publish","type":"post","link":"http:\/\/www.pasadenahoy.com\/primero\/la-comunidad\/el-departamento-de-bomberos-de-pasadena-obtiene-2-nuevas-ambulancias-de-rescate\/","title":{"rendered":"El Departamento de Bomberos de Pasadena obtiene 2 nuevas ambulancias de rescate"},"content":{"rendered":"\n<figure class=\"wp-block-image alignnone size-large\"><figure class=\"alignnone\"><img loading=\"lazy\" width=\"768\" height=\"576\" src=\"http:\/\/www.pasadenahoy.com\/primero\/wp-content\/uploads\/2021\/08\/pic-6-9.jpg\" alt=\"\" class=\"wp-image-10476\" srcset=\"http:\/\/www.pasadenahoy.com\/primero\/wp-content\/uploads\/2021\/08\/pic-6-9.jpg 768w, http:\/\/www.pasadenahoy.com\/primero\/wp-content\/uploads\/2021\/08\/pic-6-9-300x225.jpg 300w, http:\/\/www.pasadenahoy.com\/primero\/wp-content\/uploads\/2021\/08\/pic-6-9-173x130.jpg 173w, http:\/\/www.pasadenahoy.com\/primero\/wp-content\/uploads\/2021\/08\/pic-6-9-240x180.jpg 240w, http:\/\/www.pasadenahoy.com\/primero\/wp-content\/uploads\/2021\/08\/pic-6-9-700x525.jpg 700w, http:\/\/www.pasadenahoy.com\/primero\/wp-content\/uploads\/2021\/08\/pic-6-9-360x270.jpg 360w, http:\/\/www.pasadenahoy.com\/primero\/wp-content\/uploads\/2021\/08\/pic-6-9-720x540.jpg 720w\" sizes=\"100vw\" \/><figcaption><span class=\"caption-text\">Foto cortes\u00eda de la p\u00e1gina de Facebook del Departamento de Bomberos de Pasadena.<\/span><\/figcaption><\/figure><\/figure>\n\n\n\n<p>Bomberos param\u00e9dicos de dos estaciones de bomberos de Pasadena est\u00e1n ingresando en dos nuevas ambulancias de rescate.<\/p>\n\n\n\n<p>Los nuevos veh\u00edculos estar\u00e1n estacionados en la Estaci\u00f3n de Bomberos 31, 135 S. Fair Oaks Ave., y la Estaci\u00f3n de Bomberos 36, 1140 N. Fair Oaks Ave., seg\u00fan el Jefe del Batall\u00f3n del Departamento de Bomberos de Pasadena, Bill Cuskey.<\/p>\n\n\n\n<p>\u201cEst\u00e1n equipados con un sistema de camilla de carga el\u00e9ctrica de \u00faltima generaci\u00f3n que ayudar\u00e1 con la carga y descarga del paciente mientras reduce el riesgo de lesiones repetitivas en la espalda para los socorristas\u201d, dijo.<\/p>\n\n\n\n<p>Tambi\u00e9n se ven un poco diferentes.<\/p>\n\n\n\n<p>\u201cEl dise\u00f1o del paquete de gr\u00e1ficos en estas dos ambulancias lleva los veh\u00edculos al dise\u00f1o y las letras de hoy en d\u00eda, al tiempo que agrega una capa adicional de seguridad\u201d, dijo Cuskey. &#8220;La franja reflectante negra hace que el veh\u00edculo sea a\u00fan m\u00e1s visible para otros veh\u00edculos durante la conducci\u00f3n nocturna de emergencia y que no es de emergencia&#8221;.<\/p>\n\n\n\n<p>Las nuevas ambulancias reemplazan a las viejas que ya est\u00e1n en uso, dijo.<\/p>\n\n\n\n<p>El departamento planea reemplazar otras dos o tres de las cinco ambulancias de soporte vital avanzado de primera l\u00ednea del departamento durante los pr\u00f3ximos dos a\u00f1os, agreg\u00f3.<\/p>\n","protected":false},"excerpt":{"rendered":"<p>Bomberos param\u00e9dicos de dos estaciones de bomberos de Pasadena est\u00e1n ingresando en dos nuevas ambulancias de rescate. Los nuevos veh\u00edculos estar\u00e1n estacionados en la Estaci\u00f3n de Bomberos 31, 135 S. Fair Oaks Ave., y la Estaci\u00f3n de Bomberos 36, 1140 N. Fair Oaks Ave., seg\u00fan el Jefe del Batall\u00f3n del Departamento de Bomberos de Pasadena, Bill Cuskey. \u201cEst\u00e1n equipados con un sistema de camilla de carga el\u00e9ctrica de \u00faltima generaci\u00f3n que ayudar\u00e1 con la carga y descarga del paciente mientras [&hellip;]<\/p>\n","protected":false},"author":4,"featured_media":0,"comment_status":"open","ping_status":"closed","sticky":false,"template":"","format":"standard","meta":[],"categories":[4],"tags":[],"acf":[],"_links":{"self":[{"href":"http:\/\/www.pasadenahoy.com\/primero\/wp-json\/wp\/v2\/posts\/10475"}],"collection":[{"href":"http:\/\/www.pasadenahoy.com\/primero\/wp-json\/wp\/v2\/posts"}],"about":[{"href":"http:\/\/www.pasadenahoy.com\/primero\/wp-json\/wp\/v2\/types\/post"}],"author":[{"embeddable":true,"href":"http:\/\/www.pasadenahoy.com\/primero\/wp-json\/wp\/v2\/users\/4"}],"replies":[{"embeddable":true,"href":"http:\/\/www.pasadenahoy.com\/primero\/wp-json\/wp\/v2\/comments?post=10475"}],"version-history":[{"count":2,"href":"http:\/\/www.pasadenahoy.com\/primero\/wp-json\/wp\/v2\/posts\/10475\/revisions"}],"predecessor-version":[{"id":10478,"href":"http:\/\/www.pasadenahoy.com\/primero\/wp-json\/wp\/v2\/posts\/10475\/revisions\/10478"}],"wp:attachment":[{"href":"http:\/\/www.pasadenahoy.com\/primero\/wp-json\/wp\/v2\/media?parent=10475"}],"wp:term":[{"taxonomy":"category","embeddable":true,"href":"http:\/\/www.pasadenahoy.com\/primero\/wp-json\/wp\/v2\/categories?post=10475"},{"taxonomy":"post_tag","embeddable":true,"href":"http:\/\/www.pasadenahoy.com\/primero\/wp-json\/wp\/v2\/tags?post=10475"}],"curies":[{"name":"wp","href":"https:\/\/api.w.org\/{rel}","templated":true}]}}