{"id":10482,"date":"2021-08-23T14:57:50","date_gmt":"2021-08-23T14:57:50","guid":{"rendered":"http:\/\/www.pasadenahoy.com\/primero\/?p=10482"},"modified":"2021-08-23T14:57:52","modified_gmt":"2021-08-23T14:57:52","slug":"funcionario-dice-que-la-ciudad-no-cumple-con-la-orden-que-exige-vacunas-a-los-trabajadores-de-restaurantes","status":"publish","type":"post","link":"http:\/\/www.pasadenahoy.com\/primero\/el-gobierno-local\/funcionario-dice-que-la-ciudad-no-cumple-con-la-orden-que-exige-vacunas-a-los-trabajadores-de-restaurantes\/","title":{"rendered":"Funcionario dice que la ciudad no cumple con la orden que exige vacunas a los trabajadores de restaurantes"},"content":{"rendered":"\n<figure class=\"wp-block-image alignnone size-large\"><figure class=\"alignnone\"><img loading=\"lazy\" width=\"740\" height=\"400\" src=\"http:\/\/www.pasadenahoy.com\/primero\/wp-content\/uploads\/2021\/08\/pic-1-8.jpg\" alt=\"\" class=\"wp-image-10483\" srcset=\"http:\/\/www.pasadenahoy.com\/primero\/wp-content\/uploads\/2021\/08\/pic-1-8.jpg 740w, http:\/\/www.pasadenahoy.com\/primero\/wp-content\/uploads\/2021\/08\/pic-1-8-300x162.jpg 300w, http:\/\/www.pasadenahoy.com\/primero\/wp-content\/uploads\/2021\/08\/pic-1-8-241x130.jpg 241w, http:\/\/www.pasadenahoy.com\/primero\/wp-content\/uploads\/2021\/08\/pic-1-8-333x180.jpg 333w, http:\/\/www.pasadenahoy.com\/primero\/wp-content\/uploads\/2021\/08\/pic-1-8-700x378.jpg 700w, http:\/\/www.pasadenahoy.com\/primero\/wp-content\/uploads\/2021\/08\/pic-1-8-360x195.jpg 360w, http:\/\/www.pasadenahoy.com\/primero\/wp-content\/uploads\/2021\/08\/pic-1-8-720x389.jpg 720w\" sizes=\"100vw\" \/><\/figure><\/figure>\n\n\n\n<p>Los funcionarios de Pasadena no est\u00e1n trabajando en el desarrollo de un programa o pol\u00edtica que obligue a los trabajadores de restaurantes a vacunarse, dijo un portavoz de la ciudad.<\/p>\n\n\n\n<p>En la reuni\u00f3n del Consejo de la Ciudad de Pasadena el 16 de agosto, el alcalde V\u00edctor Gordo present\u00f3 un programa de inclusi\u00f3n voluntaria que incluir\u00eda la presentaci\u00f3n de un cartel a las empresas participantes indicando que los miembros del personal vacunados estaban siguiendo las pautas de la ciudad.<\/p>\n\n\n\n<p>El cartel no incluir\u00eda una letra de calificaci\u00f3n, ni el programa exigir\u00eda que los trabajadores de los restaurantes estuvieran vacunados.<\/p>\n\n\n\n<p>&#8220;El alcalde Gordo sugiri\u00f3 en la reuni\u00f3n del consejo del lunes pasado que se desarrolle un letrero \/ logotipo para que los establecimientos comerciales y de restaurantes tengan una forma de informar al p\u00fablico si sus empleados han sido vacunados o examinados semanalmente&#8221;, dijo la oficial de informaci\u00f3n p\u00fablica Lisa Derderian.<\/p>\n\n\n\n<p>\u201cEs opt-in y las empresas, no solo los restaurantes, pueden comprometerse a seguirlo utilizando los criterios m\u00e1s seguros posibles para proteger a sus empleados y al p\u00fablico. El personal de la ciudad est\u00e1 trabajando actualmente para desarrollar el programa que no es obligatorio y no es un sistema de calificaci\u00f3n \u201d, dijo Derderian.<\/p>\n\n\n\n<p>El Departamento de Desarrollo Econ\u00f3mico de la ciudad est\u00e1 trabajando en los detalles finales del programa, que no pasar\u00e1 por el Departamento de Salud P\u00fablica de la ciudad como parte de una orden de salud.<\/p>\n\n\n\n<p>El tema no estaba en la agenda del Ayuntamiento del lunes pasado, por lo que la junta no deliber\u00f3 sobre el tema.<\/p>\n\n\n\n<p>Gordo le dijo al Ayuntamiento que hab\u00eda recibido comentarios positivos de la comunidad empresarial.<\/p>\n\n\n\n<p>Sin embargo, algunos due\u00f1os de negocios malinterpretaron el mensaje y la ciudad y Pasadena Now comenzaron a recibir cartas de restauradores molestos.<\/p>\n\n\n\n<p>\u201cPara ser claros, la ciudad de Pasadena me est\u00e1 poniendo a m\u00ed y a otros due\u00f1os de negocios en una posici\u00f3n para un posible \u00e9xodo masivo a medida que el personal se retira y \/ o se queda y fuerza mi mano para despedirlos, donde pueden presentar una demanda por despido injustificado, \u201dEscribi\u00f3 un restaurador de Old Pasadena.<\/p>\n\n\n\n<p>\u201cMi otra opci\u00f3n es endeudarme m\u00e1s y proporcionar pruebas cada semana para mi personal, pero a mi costo total sin compensaci\u00f3n ni recursos de la ciudad\u201d, dijo el restaurador.<\/p>\n\n\n\n<p>En julio, el administrador de la ciudad, Steve Mermell, dijo que le hab\u00eda pedido al Departamento de Recursos Humanos que desarrollara una pol\u00edtica de vacunaci\u00f3n obligatoria contra el COVID-19 para los empleados de la ciudad.<\/p>\n\n\n\n<p>La orientaci\u00f3n local exige el uso de m\u00e1scaras.<\/p>\n\n\n\n<p>El jueves, la nueva orden de salud de Pasadena entrar\u00e1 en vigencia y exigir\u00e1 m\u00e1scaras en todos los eventos al aire libre con una asistencia de 10,000 personas o m\u00e1s.<\/p>\n\n\n\n<p>El funcionario de salud de la ciudad emiti\u00f3 una orden de salud actualizada, vigente a las 12:01 a.m. del jueves 22 de julio, restableciendo el uso de m\u00e1scaras para todos en entornos p\u00fablicos y negocios cerrados, independientemente del estado de vacunaci\u00f3n.<\/p>\n\n\n\n<p>La controversia se produce cuando tanto Pasadena como el condado de Los \u00c1ngeles han experimentado aumentos dram\u00e1ticos en los casos, hospitalizaciones y muertes de COVID-19.<\/p>\n","protected":false},"excerpt":{"rendered":"<p>Los funcionarios de Pasadena no est\u00e1n trabajando en el desarrollo de un programa o pol\u00edtica que obligue a los trabajadores de restaurantes a vacunarse, dijo un portavoz de la ciudad. En la reuni\u00f3n del Consejo de la Ciudad de Pasadena el 16 de agosto, el alcalde V\u00edctor Gordo present\u00f3 un programa de inclusi\u00f3n voluntaria que incluir\u00eda la presentaci\u00f3n de un cartel a las empresas participantes indicando que los miembros del personal vacunados estaban siguiendo las pautas de la ciudad. El [&hellip;]<\/p>\n","protected":false},"author":4,"featured_media":10483,"comment_status":"open","ping_status":"closed","sticky":false,"template":"","format":"standard","meta":[],"categories":[6],"tags":[],"acf":[],"_links":{"self":[{"href":"http:\/\/www.pasadenahoy.com\/primero\/wp-json\/wp\/v2\/posts\/10482"}],"collection":[{"href":"http:\/\/www.pasadenahoy.com\/primero\/wp-json\/wp\/v2\/posts"}],"about":[{"href":"http:\/\/www.pasadenahoy.com\/primero\/wp-json\/wp\/v2\/types\/post"}],"author":[{"embeddable":true,"href":"http:\/\/www.pasadenahoy.com\/primero\/wp-json\/wp\/v2\/users\/4"}],"replies":[{"embeddable":true,"href":"http:\/\/www.pasadenahoy.com\/primero\/wp-json\/wp\/v2\/comments?post=10482"}],"version-history":[{"count":2,"href":"http:\/\/www.pasadenahoy.com\/primero\/wp-json\/wp\/v2\/posts\/10482\/revisions"}],"predecessor-version":[{"id":10485,"href":"http:\/\/www.pasadenahoy.com\/primero\/wp-json\/wp\/v2\/posts\/10482\/revisions\/10485"}],"wp:featuredmedia":[{"embeddable":true,"href":"http:\/\/www.pasadenahoy.com\/primero\/wp-json\/wp\/v2\/media\/10483"}],"wp:attachment":[{"href":"http:\/\/www.pasadenahoy.com\/primero\/wp-json\/wp\/v2\/media?parent=10482"}],"wp:term":[{"taxonomy":"category","embeddable":true,"href":"http:\/\/www.pasadenahoy.com\/primero\/wp-json\/wp\/v2\/categories?post=10482"},{"taxonomy":"post_tag","embeddable":true,"href":"http:\/\/www.pasadenahoy.com\/primero\/wp-json\/wp\/v2\/tags?post=10482"}],"curies":[{"name":"wp","href":"https:\/\/api.w.org\/{rel}","templated":true}]}}