{"id":10498,"date":"2021-08-23T15:22:24","date_gmt":"2021-08-23T15:22:24","guid":{"rendered":"http:\/\/www.pasadenahoy.com\/primero\/?p=10498"},"modified":"2021-08-23T15:22:26","modified_gmt":"2021-08-23T15:22:26","slug":"concierto-de-bts-previamente-pospuesto-en-rose-bowl-ahora-cancelado","status":"publish","type":"post","link":"http:\/\/www.pasadenahoy.com\/primero\/la-comunidad\/concierto-de-bts-previamente-pospuesto-en-rose-bowl-ahora-cancelado\/","title":{"rendered":"Concierto de BTS previamente pospuesto en Rose Bowl ahora cancelado"},"content":{"rendered":"\n<figure class=\"wp-block-image alignnone size-large\"><figure class=\"alignnone\"><img loading=\"lazy\" width=\"740\" height=\"400\" src=\"http:\/\/www.pasadenahoy.com\/primero\/wp-content\/uploads\/2021\/08\/pic-5-7.jpg\" alt=\"\" class=\"wp-image-10499\" srcset=\"http:\/\/www.pasadenahoy.com\/primero\/wp-content\/uploads\/2021\/08\/pic-5-7.jpg 740w, http:\/\/www.pasadenahoy.com\/primero\/wp-content\/uploads\/2021\/08\/pic-5-7-300x162.jpg 300w, http:\/\/www.pasadenahoy.com\/primero\/wp-content\/uploads\/2021\/08\/pic-5-7-241x130.jpg 241w, http:\/\/www.pasadenahoy.com\/primero\/wp-content\/uploads\/2021\/08\/pic-5-7-333x180.jpg 333w, http:\/\/www.pasadenahoy.com\/primero\/wp-content\/uploads\/2021\/08\/pic-5-7-700x378.jpg 700w, http:\/\/www.pasadenahoy.com\/primero\/wp-content\/uploads\/2021\/08\/pic-5-7-360x195.jpg 360w, http:\/\/www.pasadenahoy.com\/primero\/wp-content\/uploads\/2021\/08\/pic-5-7-720x389.jpg 720w\" sizes=\"100vw\" \/><figcaption><span class=\"caption-text\">BTS cortes\u00eda de la p\u00e1gina de Facebook de BTS<\/span><\/figcaption><\/figure><\/figure>\n\n\n\n<p>Seg\u00fan los informes, un concierto de BTS planeado en el Rose Bowl que ya se pospuso como resultado de la pandemia de COVID-19 se cancel\u00f3, junto con la gira completa de la banda, en medio de renovadas preocupaciones sobre la propagaci\u00f3n de la variante Delta del virus, confirm\u00f3 el estadio. .<\/p>\n\n\n\n<p>La popular banda de chicos ha cancelado su gira &#8220;Map of the Soul&#8221;, inform\u00f3 CNN el viernes, citando un comunicado publicado en la plataforma de fans Weverse.<\/p>\n\n\n\n<p>&#8220;Nuestra compa\u00f1\u00eda ha trabajado duro para reanudar los preparativos para el BTS Map of the Soul Tour, sabiendo que todos los fans han estado esperando ansiosamente y anhelando la gira&#8221;, seg\u00fan el comunicado. &#8220;Debido a circunstancias cambiantes fuera de nuestro control, se ha vuelto dif\u00edcil reanudar las actuaciones en la misma escala y cronograma que se plane\u00f3 anteriormente&#8221;.<\/p>\n\n\n\n<p>La portavoz del Rose Bowl, Meredith Thomas, confirm\u00f3 que los planes del concierto de BTS en Pasadena hab\u00edan sido cancelados.<\/p>\n\n\n\n<p>La banda hab\u00eda sido programada previamente para actuar en el Rose Bowl en mayo de 2020 en un espect\u00e1culo muy esperado, pero ese espect\u00e1culo se pospuso indefinidamente, junto con otras apariciones, debido a la pandemia.<\/p>\n\n\n\n<p>Relacionado:<\/p>\n\n\n\n<p><a href=\"https:\/\/www.pasadenanow.com\/main\/super-band-bts-postpones-concerts-at-rose-bowl-over-coronavirus-fears\/\">La superbanda BTS pospone conciertos en el Rose Bowl por temor al coronavirus<\/a><\/p>\n","protected":false},"excerpt":{"rendered":"<p>Seg\u00fan los informes, un concierto de BTS planeado en el Rose Bowl que ya se pospuso como resultado de la pandemia de COVID-19 se cancel\u00f3, junto con la gira completa de la banda, en medio de renovadas preocupaciones sobre la propagaci\u00f3n de la variante Delta del virus, confirm\u00f3 el estadio. . La popular banda de chicos ha cancelado su gira &#8220;Map of the Soul&#8221;, inform\u00f3 CNN el viernes, citando un comunicado publicado en la plataforma de fans Weverse. &#8220;Nuestra compa\u00f1\u00eda [&hellip;]<\/p>\n","protected":false},"author":4,"featured_media":0,"comment_status":"open","ping_status":"closed","sticky":false,"template":"","format":"standard","meta":[],"categories":[4],"tags":[],"acf":[],"_links":{"self":[{"href":"http:\/\/www.pasadenahoy.com\/primero\/wp-json\/wp\/v2\/posts\/10498"}],"collection":[{"href":"http:\/\/www.pasadenahoy.com\/primero\/wp-json\/wp\/v2\/posts"}],"about":[{"href":"http:\/\/www.pasadenahoy.com\/primero\/wp-json\/wp\/v2\/types\/post"}],"author":[{"embeddable":true,"href":"http:\/\/www.pasadenahoy.com\/primero\/wp-json\/wp\/v2\/users\/4"}],"replies":[{"embeddable":true,"href":"http:\/\/www.pasadenahoy.com\/primero\/wp-json\/wp\/v2\/comments?post=10498"}],"version-history":[{"count":2,"href":"http:\/\/www.pasadenahoy.com\/primero\/wp-json\/wp\/v2\/posts\/10498\/revisions"}],"predecessor-version":[{"id":10501,"href":"http:\/\/www.pasadenahoy.com\/primero\/wp-json\/wp\/v2\/posts\/10498\/revisions\/10501"}],"wp:attachment":[{"href":"http:\/\/www.pasadenahoy.com\/primero\/wp-json\/wp\/v2\/media?parent=10498"}],"wp:term":[{"taxonomy":"category","embeddable":true,"href":"http:\/\/www.pasadenahoy.com\/primero\/wp-json\/wp\/v2\/categories?post=10498"},{"taxonomy":"post_tag","embeddable":true,"href":"http:\/\/www.pasadenahoy.com\/primero\/wp-json\/wp\/v2\/tags?post=10498"}],"curies":[{"name":"wp","href":"https:\/\/api.w.org\/{rel}","templated":true}]}}