{"id":10510,"date":"2021-08-23T15:43:31","date_gmt":"2021-08-23T15:43:31","guid":{"rendered":"http:\/\/www.pasadenahoy.com\/primero\/?p=10510"},"modified":"2021-08-23T15:43:33","modified_gmt":"2021-08-23T15:43:33","slug":"la-comision-de-diseno-considerara-la-revision-del-diseno-final-del-nuevo-laboratorio-de-caltech","status":"publish","type":"post","link":"http:\/\/www.pasadenahoy.com\/primero\/el-gobierno-local\/la-comision-de-diseno-considerara-la-revision-del-diseno-final-del-nuevo-laboratorio-de-caltech\/","title":{"rendered":"La Comisi\u00f3n de Dise\u00f1o considerar\u00e1 la revisi\u00f3n del dise\u00f1o final del nuevo laboratorio de Caltech"},"content":{"rendered":"\n<figure class=\"wp-block-image alignnone size-large\"><figure class=\"alignnone\"><img loading=\"lazy\" width=\"739\" height=\"401\" src=\"http:\/\/www.pasadenahoy.com\/primero\/wp-content\/uploads\/2021\/08\/pic-8-1.png\" alt=\"\" class=\"wp-image-10511\" srcset=\"http:\/\/www.pasadenahoy.com\/primero\/wp-content\/uploads\/2021\/08\/pic-8-1.png 739w, http:\/\/www.pasadenahoy.com\/primero\/wp-content\/uploads\/2021\/08\/pic-8-1-300x163.png 300w, http:\/\/www.pasadenahoy.com\/primero\/wp-content\/uploads\/2021\/08\/pic-8-1-240x130.png 240w, http:\/\/www.pasadenahoy.com\/primero\/wp-content\/uploads\/2021\/08\/pic-8-1-332x180.png 332w, http:\/\/www.pasadenahoy.com\/primero\/wp-content\/uploads\/2021\/08\/pic-8-1-700x380.png 700w, http:\/\/www.pasadenahoy.com\/primero\/wp-content\/uploads\/2021\/08\/pic-8-1-360x195.png 360w, http:\/\/www.pasadenahoy.com\/primero\/wp-content\/uploads\/2021\/08\/pic-8-1-720x391.png 720w\" sizes=\"100vw\" \/><\/figure><\/figure>\n\n\n\n<p>La construcci\u00f3n propuesta de un edificio de laboratorio de 80,000 pies cuadrados de tres pisos en Caltech se someter\u00e1 a la revisi\u00f3n final del dise\u00f1o por parte de la Comisi\u00f3n de Dise\u00f1o de Pasadena el martes.<\/p>\n\n\n\n<p>Se propone que el edificio, que se espera albergue el Centro de Sostenibilidad Resnick, se coloque en la misma ubicaci\u00f3n que el edificio existente del Laboratorio Mead, una estructura de un solo piso que se encuentra en el lado este de Wilson Avenue entre Del Mar Avenue y California Boulevard .<\/p>\n\n\n\n<p>El 23 de marzo, la comisi\u00f3n aprob\u00f3 la solicitud de Revisi\u00f3n de Dise\u00f1o de Concepto para la construcci\u00f3n propuesta.<\/p>\n\n\n\n<p>La comisi\u00f3n tambi\u00e9n aprob\u00f3 la remoci\u00f3n de cinco \u00e1rboles protegidos en el sitio.<\/p>\n\n\n\n<p>Anteriormente, la comisi\u00f3n le pidi\u00f3 al solicitante que cumpliera con los est\u00e1ndares de desarrollo del Plan Maestro de Caltech.<\/p>\n\n\n\n<p>Tambi\u00e9n se le pidi\u00f3 al solicitante que modificara el nuevo reemplazo de especies de \u00e1rboles propuesto para cumplir con la matriz de especies de reemplazo de \u00e1rboles requerida por la ciudad.<\/p>\n\n\n\n<p>Adem\u00e1s de la demolici\u00f3n del edificio del Laboratorio Mead, el proyecto propuesto implica la remoci\u00f3n de 37 \u00e1rboles, cinco de los cuales son ejemplares protegidos y uno es un \u00e1rbol nativo protegido.<\/p>\n\n\n\n<p>El proyecto tambi\u00e9n implica la reconfiguraci\u00f3n de los espacios abiertos existentes al sur, oeste y norte del nuevo edificio propuesto, incluida la creaci\u00f3n de un espacio para aulas al aire libre y un nuevo anfiteatro y una estructura de sombra.<\/p>\n\n\n\n<p>No se propone ninguna nueva construcci\u00f3n de estacionamiento como parte del proyecto.<\/p>\n\n\n\n<p>Se requiere una aprobaci\u00f3n de revisi\u00f3n de dise\u00f1o final antes de solicitar un permiso de construcci\u00f3n o desarrollo del sitio.<\/p>\n\n\n\n<p>Las consideraciones de dise\u00f1o de la revisi\u00f3n final incluyen una audiencia p\u00fablica donde las personas interesadas pueden testificar en apoyo u oposici\u00f3n al proyecto propuesto.<\/p>\n","protected":false},"excerpt":{"rendered":"<p>La construcci\u00f3n propuesta de un edificio de laboratorio de 80,000 pies cuadrados de tres pisos en Caltech se someter\u00e1 a la revisi\u00f3n final del dise\u00f1o por parte de la Comisi\u00f3n de Dise\u00f1o de Pasadena el martes. Se propone que el edificio, que se espera albergue el Centro de Sostenibilidad Resnick, se coloque en la misma ubicaci\u00f3n que el edificio existente del Laboratorio Mead, una estructura de un solo piso que se encuentra en el lado este de Wilson Avenue entre [&hellip;]<\/p>\n","protected":false},"author":4,"featured_media":0,"comment_status":"open","ping_status":"closed","sticky":false,"template":"","format":"standard","meta":[],"categories":[6],"tags":[],"acf":[],"_links":{"self":[{"href":"http:\/\/www.pasadenahoy.com\/primero\/wp-json\/wp\/v2\/posts\/10510"}],"collection":[{"href":"http:\/\/www.pasadenahoy.com\/primero\/wp-json\/wp\/v2\/posts"}],"about":[{"href":"http:\/\/www.pasadenahoy.com\/primero\/wp-json\/wp\/v2\/types\/post"}],"author":[{"embeddable":true,"href":"http:\/\/www.pasadenahoy.com\/primero\/wp-json\/wp\/v2\/users\/4"}],"replies":[{"embeddable":true,"href":"http:\/\/www.pasadenahoy.com\/primero\/wp-json\/wp\/v2\/comments?post=10510"}],"version-history":[{"count":2,"href":"http:\/\/www.pasadenahoy.com\/primero\/wp-json\/wp\/v2\/posts\/10510\/revisions"}],"predecessor-version":[{"id":10513,"href":"http:\/\/www.pasadenahoy.com\/primero\/wp-json\/wp\/v2\/posts\/10510\/revisions\/10513"}],"wp:attachment":[{"href":"http:\/\/www.pasadenahoy.com\/primero\/wp-json\/wp\/v2\/media?parent=10510"}],"wp:term":[{"taxonomy":"category","embeddable":true,"href":"http:\/\/www.pasadenahoy.com\/primero\/wp-json\/wp\/v2\/categories?post=10510"},{"taxonomy":"post_tag","embeddable":true,"href":"http:\/\/www.pasadenahoy.com\/primero\/wp-json\/wp\/v2\/tags?post=10510"}],"curies":[{"name":"wp","href":"https:\/\/api.w.org\/{rel}","templated":true}]}}