{"id":10518,"date":"2021-08-23T16:00:33","date_gmt":"2021-08-23T16:00:33","guid":{"rendered":"http:\/\/www.pasadenahoy.com\/primero\/?p=10518"},"modified":"2021-08-23T16:00:36","modified_gmt":"2021-08-23T16:00:36","slug":"angelversary-programado-para-hoy-en-south-pasadena-para-vanessa-marquez","status":"publish","type":"post","link":"http:\/\/www.pasadenahoy.com\/primero\/la-comunidad\/angelversary-programado-para-hoy-en-south-pasadena-para-vanessa-marquez\/","title":{"rendered":"&#8216;Angelversary&#8217; programado para hoy en South Pasadena para Vanessa M\u00e1rquez"},"content":{"rendered":"\n<figure class=\"wp-block-image alignnone size-large\"><figure class=\"alignnone\"><img loading=\"lazy\" width=\"740\" height=\"400\" src=\"http:\/\/www.pasadenahoy.com\/primero\/wp-content\/uploads\/2021\/08\/pic10.jpeg\" alt=\"\" class=\"wp-image-10519\" srcset=\"http:\/\/www.pasadenahoy.com\/primero\/wp-content\/uploads\/2021\/08\/pic10.jpeg 740w, http:\/\/www.pasadenahoy.com\/primero\/wp-content\/uploads\/2021\/08\/pic10-300x162.jpeg 300w, http:\/\/www.pasadenahoy.com\/primero\/wp-content\/uploads\/2021\/08\/pic10-241x130.jpeg 241w, http:\/\/www.pasadenahoy.com\/primero\/wp-content\/uploads\/2021\/08\/pic10-333x180.jpeg 333w, http:\/\/www.pasadenahoy.com\/primero\/wp-content\/uploads\/2021\/08\/pic10-700x378.jpeg 700w, http:\/\/www.pasadenahoy.com\/primero\/wp-content\/uploads\/2021\/08\/pic10-360x195.jpeg 360w, http:\/\/www.pasadenahoy.com\/primero\/wp-content\/uploads\/2021\/08\/pic10-720x389.jpeg 720w\" sizes=\"100vw\" \/><figcaption><span class=\"caption-text\">La actriz Vanessa M\u00e1rquez viv\u00eda en uno de los tres apartamentos de esta casa de Fremont Avenue. (Imagen cortes\u00eda de SouthPasadenan.com)<\/span><\/figcaption><\/figure><\/figure>\n\n\n\n<p>Un acto conmemorativo de tercer a\u00f1o &#8220;angelversary&#8221; se llevar\u00e1 a cabo hoy a las 11 am en South Pasadena para la actriz Vanessa M\u00e1rquez, conocida por su papel recurrente en &#8220;ER&#8221; y su interpretaci\u00f3n de Ana Delgado en &#8220;Stand and Deliver&#8221;, quien fue fatalmente baleada por Polic\u00eda de South Pasadena el 30 de agosto de 2018.<\/p>\n\n\n\n<p>El mitin se llevar\u00e1 a cabo en 905 Meridian Ave., seg\u00fan City News Service.<\/p>\n\n\n\n<p>M\u00e1rquez recibi\u00f3 un disparo despu\u00e9s de que la polic\u00eda fuera llamada a su casa en la cuadra 1100 de Fremont Avenue para realizar un control de bienestar.<\/p>\n\n\n\n<p>En febrero, la ciudad de South Pasadena en California lleg\u00f3 a un acuerdo en una <a href=\"https:\/\/www.nbcnews.com\/pop-culture\/pop-culture-news\/mother-er-actress-vanessa-marquez-files-wrongful-death-lawsuit-2018-n1232138\">demanda por homicidio culposo presentada por la madre de M\u00e1rquez, Delia McElfresh.<\/a> En el incidente, las autoridades afirmaron que M\u00e1rquez bland\u00eda lo que los agentes cre\u00edan que era un arma.<\/p>\n\n\n\n<p>McElfresh y South Pasadena acordaron mutuamente resolver el caso por $ 450,000, seg\u00fan NBC News.<\/p>\n\n\n\n<p>En el incidente, un amigo de M\u00e1rquez llam\u00f3 al Departamento de Bomberos de South Pasadena porque M\u00e1rquez estaba sufriendo convulsiones, inform\u00f3 NBC News, citando la demanda.<\/p>\n\n\n\n<p>A pesar de que la llamada era para asistencia m\u00e9dica y espec\u00edficamente solicit\u00f3 una respuesta de los param\u00e9dicos del Departamento de Bomberos de South Pasadena, varios oficiales de polic\u00eda completamente armados de South Pasadena respondieron en su lugar, afirma la demanda. Uno de los oficiales &#8220;afirm\u00f3 falsamente que la Sra. M\u00e1rquez le apunt\u00f3 con un arma a \u00e9l y luego a s\u00ed misma&#8221;.<\/p>\n\n\n\n<p>M\u00e1s tarde, la polic\u00eda declar\u00f3 que M\u00e1rquez <a href=\"https:\/\/www.nbcnews.com\/news\/us-news\/er-actress-vanessa-marquez-shot-killed-police-n905496\">hab\u00eda blandido una pistola de aire comprimido.<\/a><\/p>\n\n\n\n<p>\u201cSu presencia armada, sumada al intento de sacar a la Sra. M\u00e1rquez de su casa en contra de su voluntad, fue una respuesta militarista, amenazadora y amenazadora a una mujer fr\u00e1gil y visiblemente debilitada que estaba ejerciendo su derecho a permanecer en su hogar\u201d, agreg\u00f3. traje lee.<\/p>\n\n\n\n<p>&#8220;Milisegundo. La muerte de M\u00e1rquez fue el resultado de una reacci\u00f3n exagerada, el uso excesivo de la fuerza y \u200b\u200bel mal manejo de la situaci\u00f3n \u201d, dice la demanda.<\/p>\n\n\n\n<p>Todos los reclamos de las demandas, que inclu\u00edan entrada ilegal, fuerza excesiva, violaci\u00f3n del debido proceso y detenci\u00f3n irrazonable, deb\u00edan ser desestimados con prejuicio como parte del acuerdo.<\/p>\n\n\n\n<p>Los oradores programados en el mitin incluyen amigos de M\u00e1rquez; un representante del Gremio Nacional de Abogados; y familiares de Marco Vasquez Jr., C\u00e9sar Rodr\u00edguez, John Horton, Daniel Hern\u00e1ndez, David Sullivan, Anthony Vargas y otros cuyos seres queridos fueron asesinados por la polic\u00eda, inform\u00f3 City News Service.<\/p>\n","protected":false},"excerpt":{"rendered":"<p>Un acto conmemorativo de tercer a\u00f1o &#8220;angelversary&#8221; se llevar\u00e1 a cabo hoy a las 11 am en South Pasadena para la actriz Vanessa M\u00e1rquez, conocida por su papel recurrente en &#8220;ER&#8221; y su interpretaci\u00f3n de Ana Delgado en &#8220;Stand and Deliver&#8221;, quien fue fatalmente baleada por Polic\u00eda de South Pasadena el 30 de agosto de 2018. El mitin se llevar\u00e1 a cabo en 905 Meridian Ave., seg\u00fan City News Service. M\u00e1rquez recibi\u00f3 un disparo despu\u00e9s de que la polic\u00eda fuera [&hellip;]<\/p>\n","protected":false},"author":4,"featured_media":0,"comment_status":"open","ping_status":"closed","sticky":false,"template":"","format":"standard","meta":[],"categories":[4],"tags":[],"acf":[],"_links":{"self":[{"href":"http:\/\/www.pasadenahoy.com\/primero\/wp-json\/wp\/v2\/posts\/10518"}],"collection":[{"href":"http:\/\/www.pasadenahoy.com\/primero\/wp-json\/wp\/v2\/posts"}],"about":[{"href":"http:\/\/www.pasadenahoy.com\/primero\/wp-json\/wp\/v2\/types\/post"}],"author":[{"embeddable":true,"href":"http:\/\/www.pasadenahoy.com\/primero\/wp-json\/wp\/v2\/users\/4"}],"replies":[{"embeddable":true,"href":"http:\/\/www.pasadenahoy.com\/primero\/wp-json\/wp\/v2\/comments?post=10518"}],"version-history":[{"count":2,"href":"http:\/\/www.pasadenahoy.com\/primero\/wp-json\/wp\/v2\/posts\/10518\/revisions"}],"predecessor-version":[{"id":10521,"href":"http:\/\/www.pasadenahoy.com\/primero\/wp-json\/wp\/v2\/posts\/10518\/revisions\/10521"}],"wp:attachment":[{"href":"http:\/\/www.pasadenahoy.com\/primero\/wp-json\/wp\/v2\/media?parent=10518"}],"wp:term":[{"taxonomy":"category","embeddable":true,"href":"http:\/\/www.pasadenahoy.com\/primero\/wp-json\/wp\/v2\/categories?post=10518"},{"taxonomy":"post_tag","embeddable":true,"href":"http:\/\/www.pasadenahoy.com\/primero\/wp-json\/wp\/v2\/tags?post=10518"}],"curies":[{"name":"wp","href":"https:\/\/api.w.org\/{rel}","templated":true}]}}