{"id":10532,"date":"2021-08-24T16:02:15","date_gmt":"2021-08-24T16:02:15","guid":{"rendered":"http:\/\/www.pasadenahoy.com\/primero\/?p=10532"},"modified":"2021-08-24T16:02:17","modified_gmt":"2021-08-24T16:02:17","slug":"el-superintendente-dice-que-el-pusd-implementara-la-orden-estatal-de-covid-con-anticipacion","status":"publish","type":"post","link":"http:\/\/www.pasadenahoy.com\/primero\/la-comunidad\/el-superintendente-dice-que-el-pusd-implementara-la-orden-estatal-de-covid-con-anticipacion\/","title":{"rendered":"El superintendente dice que el PUSD implementar\u00e1 la orden estatal de COVID con anticipaci\u00f3n"},"content":{"rendered":"\n<figure class=\"wp-block-image alignnone size-large\"><figure class=\"alignnone\"><img loading=\"lazy\" width=\"740\" height=\"400\" src=\"http:\/\/www.pasadenahoy.com\/primero\/wp-content\/uploads\/2021\/08\/pic2-1.jpg\" alt=\"\" class=\"wp-image-10533\" srcset=\"http:\/\/www.pasadenahoy.com\/primero\/wp-content\/uploads\/2021\/08\/pic2-1.jpg 740w, http:\/\/www.pasadenahoy.com\/primero\/wp-content\/uploads\/2021\/08\/pic2-1-300x162.jpg 300w, http:\/\/www.pasadenahoy.com\/primero\/wp-content\/uploads\/2021\/08\/pic2-1-241x130.jpg 241w, http:\/\/www.pasadenahoy.com\/primero\/wp-content\/uploads\/2021\/08\/pic2-1-333x180.jpg 333w, http:\/\/www.pasadenahoy.com\/primero\/wp-content\/uploads\/2021\/08\/pic2-1-700x378.jpg 700w, http:\/\/www.pasadenahoy.com\/primero\/wp-content\/uploads\/2021\/08\/pic2-1-360x195.jpg 360w, http:\/\/www.pasadenahoy.com\/primero\/wp-content\/uploads\/2021\/08\/pic2-1-720x389.jpg 720w\" sizes=\"100vw\" \/><\/figure><\/figure>\n\n\n\n<p>El superintendente del Distrito Escolar Unificado de Pasadena, Brian McDonald, anunci\u00f3 el domingo que el distrito implementar\u00e1 una orden estatal temprano y requerir\u00e1 prueba de vacunaci\u00f3n de todos los empleados del distrito o har\u00e1 que el personal muestre los resultados de las pruebas a partir del 1 de septiembre, seg\u00fan un correo electr\u00f3nico del distrito enviado el domingo.<\/p>\n\n\n\n<p>El estado emiti\u00f3 una orden en agosto que requiere que todo el personal de la escuela muestre prueba de vacunaci\u00f3n completa o se haga la prueba al menos una vez por semana.<\/p>\n\n\n\n<p>Los distritos escolares deben cumplir plenamente con la orden antes del 15 de octubre, dos meses despu\u00e9s de la apertura de las escuelas.<\/p>\n\n\n\n<p>McDonald tambi\u00e9n anunci\u00f3 que el PUSD se est\u00e1 preparando para incorporar a 25 profesionales de la salud adicionales para tener un equipo de tres en cada escuela primaria que rotar\u00e1n a las escuelas secundarias cada lunes.<\/p>\n\n\n\n<p>Tambi\u00e9n dijo que el Distrito est\u00e1 editando las cartas de notificaci\u00f3n enviadas a los padres cuyos hijos deber\u00edan poner en cuarentena porque algunos padres no las ten\u00edan claras.<\/p>\n\n\n\n<p>\u201cUno de los desaf\u00edos m\u00e1s cr\u00edticos de COVID-19 es anticipar y responder r\u00e1pidamente a los nuevos desarrollos que ocurren casi todos los d\u00edas\u201d, dijo McDonald en un correo electr\u00f3nico el 22 de agosto.<\/p>\n\n\n\n<p>\u201cEl pasado inmediato ha demostrado que el PUSD puede hacer frente a estos desaf\u00edos, pero la r\u00e1pida propagaci\u00f3n de la variante Delta est\u00e1 imponiendo exigencias extraordinarias a nuestros esfuerzos de respuesta\u201d, escribi\u00f3 McDonald.<\/p>\n\n\n\n<p>\u201cDado que las escuelas son un tejido de nuestra comunidad, la transmisi\u00f3n comunitaria del virus significa que habr\u00e1 casos en nuestras escuelas. Al igual que con todos los distritos escolares, el PUSD ha tenido que hacer ajustes importantes e implementar nuevos procesos para proteger a nuestra comunidad escolar en muy poco tiempo \u201d, escribi\u00f3.<\/p>\n\n\n\n<p>McDonald dijo que tambi\u00e9n recomendar\u00e1 a la Junta de Educaci\u00f3n que se requiera que todos los estudiantes mayores de 12 a\u00f1os muestren prueba de vacunaci\u00f3n o se sometan a pruebas semanales con el consentimiento informado de los padres.<\/p>\n\n\n\n<p>El distrito tambi\u00e9n planea incorporar a 25 profesionales de la salud adicionales. El distrito tendr\u00e1 equipos de tres personas en cada escuela primaria que rotar\u00e1n a los sitios secundarios todos los lunes.<\/p>\n\n\n\n<p>La junta escolar est\u00e1 programada para reunirse el jueves.<\/p>\n\n\n\n<p>La semana pasada, Pasadena Now inform\u00f3 que los estudiantes de s\u00e9ptimo grado no vacunados en la Escuela Fundamental Marshall se vieron obligados a ponerse en cuarentena despu\u00e9s de que dos estudiantes dieron positivo por COVID-19.<\/p>\n\n\n\n<p>A pesar de las infecciones y las cartas a los padres en la escuela, el distrito inicialmente no inform\u00f3 el incidente en su panel de control COVID-19 y luego culp\u00f3 a la falta de informaci\u00f3n sobre &#8220;la prensa de m\u00faltiples obligaciones&#8221;.<\/p>\n\n\n\n<p>&#8220;No obtuvimos el panel COVID-19 de esta semana correctamente. Por eso, nos disculpamos \u201d, dijo McDonald en un comunicado emitido el jueves. &#8220;Hemos tomado medidas inmediatas para que sea lo m\u00e1s preciso posible en el futuro&#8221;.<\/p>\n\n\n\n<p>M\u00e1s tarde, el distrito admiti\u00f3 que 344 maestros y estudiantes han sido puestos en cuarentena.<\/p>\n\n\n\n<p>El distrito no respondi\u00f3 a varias solicitudes de comentarios a principios de la semana pasada y notific\u00f3 a los padres d\u00edas despu\u00e9s de que los miembros de la comunidad comenzaran a solicitar informaci\u00f3n sobre la situaci\u00f3n.<\/p>\n\n\n\n<p>En el correo electr\u00f3nico del domingo, McDonald afirm\u00f3 que una vez que las autoridades de salud notificaron al distrito que los dos casos estaban vinculados epidemiol\u00f3gicamente, los funcionarios del distrito notificaron a quienes estaban en contacto cercano con las personas y les indicaron que se pusieran en cuarentena de inmediato.<\/p>\n\n\n\n<p>\u201cPor precauci\u00f3n, y por encima de lo requerido por las autoridades de salud, pedimos a todos los estudiantes de ese grado que mostraran prueba de vacunaci\u00f3n o que fueran puestos en cuarentena hasta que las pruebas de COVID-19 mostraran que estaban libres de virus. Los estudiantes de s\u00e9ptimo grado que no est\u00e1n vacunados deben realizar la prueba \u201d, dijo McDonald.<\/p>\n","protected":false},"excerpt":{"rendered":"<p>El superintendente del Distrito Escolar Unificado de Pasadena, Brian McDonald, anunci\u00f3 el domingo que el distrito implementar\u00e1 una orden estatal temprano y requerir\u00e1 prueba de vacunaci\u00f3n de todos los empleados del distrito o har\u00e1 que el personal muestre los resultados de las pruebas a partir del 1 de septiembre, seg\u00fan un correo electr\u00f3nico del distrito enviado el domingo. El estado emiti\u00f3 una orden en agosto que requiere que todo el personal de la escuela muestre prueba de vacunaci\u00f3n completa o [&hellip;]<\/p>\n","protected":false},"author":4,"featured_media":10533,"comment_status":"open","ping_status":"closed","sticky":false,"template":"","format":"standard","meta":[],"categories":[4],"tags":[],"acf":[],"_links":{"self":[{"href":"http:\/\/www.pasadenahoy.com\/primero\/wp-json\/wp\/v2\/posts\/10532"}],"collection":[{"href":"http:\/\/www.pasadenahoy.com\/primero\/wp-json\/wp\/v2\/posts"}],"about":[{"href":"http:\/\/www.pasadenahoy.com\/primero\/wp-json\/wp\/v2\/types\/post"}],"author":[{"embeddable":true,"href":"http:\/\/www.pasadenahoy.com\/primero\/wp-json\/wp\/v2\/users\/4"}],"replies":[{"embeddable":true,"href":"http:\/\/www.pasadenahoy.com\/primero\/wp-json\/wp\/v2\/comments?post=10532"}],"version-history":[{"count":2,"href":"http:\/\/www.pasadenahoy.com\/primero\/wp-json\/wp\/v2\/posts\/10532\/revisions"}],"predecessor-version":[{"id":10535,"href":"http:\/\/www.pasadenahoy.com\/primero\/wp-json\/wp\/v2\/posts\/10532\/revisions\/10535"}],"wp:featuredmedia":[{"embeddable":true,"href":"http:\/\/www.pasadenahoy.com\/primero\/wp-json\/wp\/v2\/media\/10533"}],"wp:attachment":[{"href":"http:\/\/www.pasadenahoy.com\/primero\/wp-json\/wp\/v2\/media?parent=10532"}],"wp:term":[{"taxonomy":"category","embeddable":true,"href":"http:\/\/www.pasadenahoy.com\/primero\/wp-json\/wp\/v2\/categories?post=10532"},{"taxonomy":"post_tag","embeddable":true,"href":"http:\/\/www.pasadenahoy.com\/primero\/wp-json\/wp\/v2\/tags?post=10532"}],"curies":[{"name":"wp","href":"https:\/\/api.w.org\/{rel}","templated":true}]}}