{"id":10540,"date":"2021-08-24T16:14:44","date_gmt":"2021-08-24T16:14:44","guid":{"rendered":"http:\/\/www.pasadenahoy.com\/primero\/?p=10540"},"modified":"2021-08-24T16:14:46","modified_gmt":"2021-08-24T16:14:46","slug":"carta-de-notificacion-de-mejora-de-covid-del-distrito-escolar","status":"publish","type":"post","link":"http:\/\/www.pasadenahoy.com\/primero\/la-comunidad\/carta-de-notificacion-de-mejora-de-covid-del-distrito-escolar\/","title":{"rendered":"Carta de notificaci\u00f3n de mejora de COVID del distrito escolar"},"content":{"rendered":"\n<div class=\"wp-block-image alignright\"><figure class=\"alignright size-large\"><img loading=\"lazy\" width=\"420\" height=\"227\" src=\"http:\/\/www.pasadenahoy.com\/primero\/wp-content\/uploads\/2021\/08\/pic-4-9.jpg\" alt=\"\" class=\"wp-image-10541\" srcset=\"http:\/\/www.pasadenahoy.com\/primero\/wp-content\/uploads\/2021\/08\/pic-4-9.jpg 420w, http:\/\/www.pasadenahoy.com\/primero\/wp-content\/uploads\/2021\/08\/pic-4-9-300x162.jpg 300w, http:\/\/www.pasadenahoy.com\/primero\/wp-content\/uploads\/2021\/08\/pic-4-9-241x130.jpg 241w, http:\/\/www.pasadenahoy.com\/primero\/wp-content\/uploads\/2021\/08\/pic-4-9-333x180.jpg 333w, http:\/\/www.pasadenahoy.com\/primero\/wp-content\/uploads\/2021\/08\/pic-4-9-360x195.jpg 360w\" sizes=\"100vw\" \/><\/figure><\/div>\n\n\n\n<p>En un comunicado el domingo, el superintendente del Distrito Escolar Unificado de Pasadena, Brian McDonald, dijo que el distrito escolar est\u00e1 revisando su carta de notificaci\u00f3n COVID-19.<\/p>\n\n\n\n<p>Una copia de una carta de notificaci\u00f3n enviada a Pasadena Now por un residente local abierta al informar a un padre de un caso confirmado en una escuela local que luego le dijo al padre que aunque su hijo no ha sido identificado como un contacto cercano, el estudiante puede haber sido expuesto en este caso si el ni\u00f1o estaba en ciertos lugares.<\/p>\n\n\n\n<p>\u201cSomos conscientes del hecho de que los padres encuentran que las cartas de notificaci\u00f3n no son claras y estamos en el proceso de revisarlas\u201d, dijo McDonald.<\/p>\n\n\n\n<p>Seg\u00fan McDonald, en el caso de un caso positivo, los individuos (aquellos en contacto cercano) ser\u00e1n notificados directamente por su escuela o el personal del distrito y recibir\u00e1n una notificaci\u00f3n que puede incluir instrucciones de autoaislamiento y \/ o cuarentena y otra informaci\u00f3n importante.<\/p>\n\n\n\n<p>El PUSD tambi\u00e9n est\u00e1 notificando a los estudiantes y al personal que estaban inscritos en o en un espacio compartido con un caso positivo. En el caso de una mayor preocupaci\u00f3n con respecto a la exposici\u00f3n, McDonald dijo que el distrito est\u00e1 comprometido a mantener informados a los involucrados y a la comunidad en general.<\/p>\n\n\n\n<p>Las infecciones entre los ni\u00f1os se est\u00e1n disparando en todo el pa\u00eds. La semana pasada se notificaron 180.000 casos.<\/p>\n\n\n\n<p>McDonald dijo que la transparencia es una creencia fundamental en el distrito.<\/p>\n\n\n\n<p>\u201cProporcionaremos tanta informaci\u00f3n como sea posible para que pueda tomar decisiones informadas para sus hijos\u201d, dijo McDonald. &#8220;Esto incluye dar a conocer el n\u00famero de casos positivos con la mayor frecuencia posible&#8221;.<\/p>\n\n\n\n<p>Los casos se informan en el panel COVID-19 del distrito, que se actualiza dos veces por semana.<\/p>\n\n\n\n<p>Hasta ahora, 344 estudiantes y personal de todo el distrito se han visto obligados a ponerse en cuarentena.<\/p>\n\n\n\n<p>Seg\u00fan el distrito escolar, el tablero pronto se actualizar\u00e1 para hacerlo m\u00e1s accesible con gr\u00e1ficos y tablas. El distrito escolar est\u00e1 tratando de mantener a los estudiantes locales a salvo de la variante Delta mientras intenta mantener abiertas las escuelas locales.<\/p>\n\n\n\n<p>Las \u00faltimas cifras de COVID-19 del condado de Los \u00c1ngeles muestran 2.781 casos nuevos y 10 muertes adicionales, aunque los funcionarios de salud dijeron que los datos pueden reflejar retrasos en los informes de fin de semana.<\/p>\n\n\n\n<p>Como una buena noticia, el n\u00famero de pacientes con coronavirus en los hospitales del condado se redujo por cuarto d\u00eda consecutivo el domingo, pasando de 1.746 el s\u00e1bado a 1.722, seg\u00fan cifras estatales.<\/p>\n\n\n\n<p>Las \u00faltimas cifras del domingo elevaron los totales del condado a 1.383.186 casos y 25.071 muertes desde que comenz\u00f3 la pandemia, seg\u00fan el Departamento de Salud P\u00fablica del Condado de Los \u00c1ngeles.<\/p>\n\n\n\n<p>El s\u00e1bado, el departamento record\u00f3 una vez m\u00e1s a los residentes que las personas vacunadas tienen una mayor protecci\u00f3n contra los resultados de salud negativos en caso de que contraigan el virus.<\/p>\n\n\n\n<p>\u201cTodas las personas que a\u00fan no est\u00e1n vacunadas deben saber que no tienen la misma protecci\u00f3n que las personas vacunadas\u201d, dijo la directora de Salud P\u00fablica Barbara Ferrer.<\/p>\n","protected":false},"excerpt":{"rendered":"<p>En un comunicado el domingo, el superintendente del Distrito Escolar Unificado de Pasadena, Brian McDonald, dijo que el distrito escolar est\u00e1 revisando su carta de notificaci\u00f3n COVID-19. Una copia de una carta de notificaci\u00f3n enviada a Pasadena Now por un residente local abierta al informar a un padre de un caso confirmado en una escuela local que luego le dijo al padre que aunque su hijo no ha sido identificado como un contacto cercano, el estudiante puede haber sido expuesto [&hellip;]<\/p>\n","protected":false},"author":4,"featured_media":0,"comment_status":"open","ping_status":"closed","sticky":false,"template":"","format":"standard","meta":[],"categories":[4],"tags":[],"acf":[],"_links":{"self":[{"href":"http:\/\/www.pasadenahoy.com\/primero\/wp-json\/wp\/v2\/posts\/10540"}],"collection":[{"href":"http:\/\/www.pasadenahoy.com\/primero\/wp-json\/wp\/v2\/posts"}],"about":[{"href":"http:\/\/www.pasadenahoy.com\/primero\/wp-json\/wp\/v2\/types\/post"}],"author":[{"embeddable":true,"href":"http:\/\/www.pasadenahoy.com\/primero\/wp-json\/wp\/v2\/users\/4"}],"replies":[{"embeddable":true,"href":"http:\/\/www.pasadenahoy.com\/primero\/wp-json\/wp\/v2\/comments?post=10540"}],"version-history":[{"count":2,"href":"http:\/\/www.pasadenahoy.com\/primero\/wp-json\/wp\/v2\/posts\/10540\/revisions"}],"predecessor-version":[{"id":10543,"href":"http:\/\/www.pasadenahoy.com\/primero\/wp-json\/wp\/v2\/posts\/10540\/revisions\/10543"}],"wp:attachment":[{"href":"http:\/\/www.pasadenahoy.com\/primero\/wp-json\/wp\/v2\/media?parent=10540"}],"wp:term":[{"taxonomy":"category","embeddable":true,"href":"http:\/\/www.pasadenahoy.com\/primero\/wp-json\/wp\/v2\/categories?post=10540"},{"taxonomy":"post_tag","embeddable":true,"href":"http:\/\/www.pasadenahoy.com\/primero\/wp-json\/wp\/v2\/tags?post=10540"}],"curies":[{"name":"wp","href":"https:\/\/api.w.org\/{rel}","templated":true}]}}