{"id":10544,"date":"2021-08-24T16:19:57","date_gmt":"2021-08-24T16:19:57","guid":{"rendered":"http:\/\/www.pasadenahoy.com\/primero\/?p=10544"},"modified":"2021-08-24T16:19:59","modified_gmt":"2021-08-24T16:19:59","slug":"la-junta-escolar-podria-restaurar-los-poderes-de-emergencia-del-superintendente","status":"publish","type":"post","link":"http:\/\/www.pasadenahoy.com\/primero\/la-comunidad\/la-junta-escolar-podria-restaurar-los-poderes-de-emergencia-del-superintendente\/","title":{"rendered":"La junta escolar podr\u00eda restaurar los poderes de emergencia del superintendente"},"content":{"rendered":"\n<figure class=\"wp-block-image alignnone size-large\"><figure class=\"alignnone\"><img loading=\"lazy\" width=\"740\" height=\"400\" src=\"http:\/\/www.pasadenahoy.com\/primero\/wp-content\/uploads\/2021\/08\/pic5-3.jpg\" alt=\"\" class=\"wp-image-10546\" srcset=\"http:\/\/www.pasadenahoy.com\/primero\/wp-content\/uploads\/2021\/08\/pic5-3.jpg 740w, http:\/\/www.pasadenahoy.com\/primero\/wp-content\/uploads\/2021\/08\/pic5-3-300x162.jpg 300w, http:\/\/www.pasadenahoy.com\/primero\/wp-content\/uploads\/2021\/08\/pic5-3-241x130.jpg 241w, http:\/\/www.pasadenahoy.com\/primero\/wp-content\/uploads\/2021\/08\/pic5-3-333x180.jpg 333w, http:\/\/www.pasadenahoy.com\/primero\/wp-content\/uploads\/2021\/08\/pic5-3-700x378.jpg 700w, http:\/\/www.pasadenahoy.com\/primero\/wp-content\/uploads\/2021\/08\/pic5-3-360x195.jpg 360w, http:\/\/www.pasadenahoy.com\/primero\/wp-content\/uploads\/2021\/08\/pic5-3-720x389.jpg 720w\" sizes=\"100vw\" \/><\/figure><\/figure>\n\n\n\n<p>La Junta de Educaci\u00f3n de Pasadena podr\u00eda votar para otorgar nuevamente al superintendente Brian McDonald poderes de emergencia que le permitir\u00edan gastar fondos y cerrar escuelas para combatir una emergencia de salud local.<\/p>\n\n\n\n<p>\u201cLa resoluci\u00f3n es simplemente otorgarme la autoridad para tomar decisiones r\u00e1pidas y hacer que la junta las ratifique en una fecha posterior\u201d, dijo McDonald a Pasadena Now el lunes. &#8220;Tuve esta autoridad durante toda la pandemia y la junta discutir\u00e1 si restablecerla o no&#8221;.<\/p>\n\n\n\n<p>Los poderes de emergencia anteriores de McDonald&#8217;s expiraron el 30 de junio.<\/p>\n\n\n\n<p>La resoluci\u00f3n autoriza al superintendente a tomar todas y cada una de las acciones necesarias para asegurar la continuaci\u00f3n de la educaci\u00f3n p\u00fablica y la salud y seguridad de los estudiantes y el personal en los sitios del distrito.<\/p>\n\n\n\n<p>Tambi\u00e9n &#8220;autoriza al superintendente, en cualquier momento, a declarar la necesidad de cerrar un sitio escolar o un sal\u00f3n de clases a la instrucci\u00f3n en persona, o detener cualquier servicio en persona proporcionado por el distrito, seg\u00fan sea necesario para responder a las condiciones de salud&#8221;. seg\u00fan la resoluci\u00f3n.<\/p>\n\n\n\n<p>El superintendente tambi\u00e9n podr\u00eda trasladar al distrito de la instrucci\u00f3n en persona a la instrucci\u00f3n remota, seg\u00fan sea necesario para responder a las condiciones de salud.<\/p>\n\n\n\n<p>El superintendente podr\u00eda ejercer los poderes de emergencia, incluida la utilizaci\u00f3n de todos y cada uno de los fondos de la ayuda \u00fanica para el coronavirus de acuerdo con las condiciones cambiantes, sin requerir una autorizaci\u00f3n espec\u00edfica de la Junta de Educaci\u00f3n para los gastos, siempre que estos gastos se informen para su ratificaci\u00f3n a una posterior reuni\u00f3n ordinaria de la junta.<\/p>\n\n\n\n<p>La resoluci\u00f3n podr\u00eda ser anulada por \u00f3rdenes de salud estatales, o si el Departamento de Salud del Condado de Los \u00c1ngeles declara que las condiciones del coronavirus ya no representan una amenaza para la salud p\u00fablica.<\/p>\n\n\n\n<p>No se supo de inmediato si la resoluci\u00f3n caducar\u00eda si el Departamento de Salud de Pasadena hiciera una declaraci\u00f3n similar que pusiera fin a la amenaza para la salud p\u00fablica.<\/p>\n\n\n\n<p>La semana pasada, el distrito fue criticado por informar incorrectamente los n\u00fameros en su tablero de COVID-19 despu\u00e9s de que los estudiantes de s\u00e9ptimo grado no vacunados fueran enviados a casa a cuarentena despu\u00e9s de que dos estudiantes dieron positivo por COVID-19.<\/p>\n\n\n\n<p>Inicialmente, el distrito no inform\u00f3 de nuevas infecciones en Marshall Fundamental, donde ocurri\u00f3 el incidente. M\u00e1s tarde, el tablero del distrito se corrigi\u00f3 para informar que 344 maestros y miembros del personal se hab\u00edan visto obligados a ponerse en cuarentena debido a la exposici\u00f3n al COVID-19.<\/p>\n\n\n\n<p>En un correo electr\u00f3nico el domingo por la noche, McDonald dijo que el distrito adoptar\u00e1 una orden de salud estatal que requiere que los estudiantes muestren sus vacunas o se sometan a pruebas semanales.<\/p>\n\n\n\n<p>El distrito tambi\u00e9n planea contratar profesionales de la salud adicionales para realizar las pruebas.<\/p>\n\n\n\n<p>\u201cLa transparencia es una creencia fundamental de nuestro distrito\u201d, dijo McDonald en un correo electr\u00f3nico el domingo por la noche. \u201cComo tal, proporcionaremos tanta informaci\u00f3n como sea posible para que pueda tomar decisiones informadas para sus hijos. Esto incluye dar a conocer el n\u00famero de casos positivos con la mayor frecuencia posible. Los casos se informan en el Tablero COVID-19 del Distrito, que se actualiza dos veces por semana. Debido a la presi\u00f3n de m\u00faltiples obligaciones, no obtuvimos el Panel de control COVID-19 de la semana pasada correctamente. Por eso, nos disculpamos. Hemos tomado medidas inmediatas para que sea lo m\u00e1s preciso posible en el futuro &#8220;.<br>More about School Board Could Restore Superintendent\u2019s Emergency Powers BY ANDR\u00c9 COLEMAN, MANAGING EDITOR Published on Monday, August 23, 2021 | 3:47 pm PUSD Board Meeting screenshot of Aug 5 Special Meeting The Pasadena Board of Education could vote to once again grant Superintendent Brian McDonald emergency powers that would allow him to expend funds and close schools to combat a local health emergency. \u201cThe resolution is to simply grant me the authority to make swift decisions and have them ratified at a later date by the board,\u201d McDonald told Pasadena Now on Monday. \u201cI had this authority throughout the pandemic and the board will discuss whether or not to reinstate it.\u201d McDonald\u2019s previous emergency powers expired on June 30. The resolution authorizes the superintendent to take any and all actions necessary to ensure the continuation of public education and the health and safety of the students and staff at district sites. It also \u201cauthorizes the superintendent, at any time, to declare the necessity to close a school site or a classroom to in-person instruction, or halt any in-person service provided by the district, as needed to respond to health conditions,\u201d according to the resolution. The superintendent would also be able to move the district from in-person instruction to remote instruction, as needed to respond to health conditions. The superintendent would be able to wield the emergency powers, including utilizing any and all funding from one-time coronavirus aid in accordance with changing conditions, without requiring specific authorization from the Board of Education for expenditures, providing these expenditures are reported for ratification at a subsequent regular board meeting. The resolution could be overridden by state health orders, or if the Los Angeles County Department of Health declares the coronavirus conditions no longer pose a public health threat. It was not immediately known whether the resolution would sunset if the Pasadena Health Department made a similar declaration ending the public health threat. Last week, the district came under fire for misreporting numbers on its COVID-19 dashboard after unvaccinated seventh graders were sent home to quarantine after two students tested positive for COVID-19. Initially, the district reported no new infections at Marshall Fundamental, where the incident occurred. Later, the district\u2019s dashboard was corrected to report 344 teachers and staff members had been forced to quarantine due to COVID-19 exposures. In an email on Sunday night, McDonald said that the district will adopt a state health order that requires students to show vaccinations or submit to weekly testing. The district also plans to hire additional health care professionals to perform the testing. \u201cTransparency is a core belief of our district,\u201d McDonald said in an email Sunday night. \u201cAs such, we will provide as much information as possible so that you can make informed decisions for your children. This includes releasing the number of positive cases as often as possible. Cases are reported on the District\u2019s COVID-19 Dashboard which is updated twice each week. Under the press of multiple obligations, we didn\u2019t get last week\u2019s COVID-19 Dashboard right. For that, we apologize. We have taken immediate steps so that it is as accurate as possible in the future.\u201d<br>Coronavirus disease (COVID-19)<br>Get the latest information<\/p>\n","protected":false},"excerpt":{"rendered":"<p>La Junta de Educaci\u00f3n de Pasadena podr\u00eda votar para otorgar nuevamente al superintendente Brian McDonald poderes de emergencia que le permitir\u00edan gastar fondos y cerrar escuelas para combatir una emergencia de salud local. \u201cLa resoluci\u00f3n es simplemente otorgarme la autoridad para tomar decisiones r\u00e1pidas y hacer que la junta las ratifique en una fecha posterior\u201d, dijo McDonald a Pasadena Now el lunes. &#8220;Tuve esta autoridad durante toda la pandemia y la junta discutir\u00e1 si restablecerla o no&#8221;. Los poderes de [&hellip;]<\/p>\n","protected":false},"author":4,"featured_media":0,"comment_status":"open","ping_status":"closed","sticky":false,"template":"","format":"standard","meta":[],"categories":[4],"tags":[],"acf":[],"_links":{"self":[{"href":"http:\/\/www.pasadenahoy.com\/primero\/wp-json\/wp\/v2\/posts\/10544"}],"collection":[{"href":"http:\/\/www.pasadenahoy.com\/primero\/wp-json\/wp\/v2\/posts"}],"about":[{"href":"http:\/\/www.pasadenahoy.com\/primero\/wp-json\/wp\/v2\/types\/post"}],"author":[{"embeddable":true,"href":"http:\/\/www.pasadenahoy.com\/primero\/wp-json\/wp\/v2\/users\/4"}],"replies":[{"embeddable":true,"href":"http:\/\/www.pasadenahoy.com\/primero\/wp-json\/wp\/v2\/comments?post=10544"}],"version-history":[{"count":2,"href":"http:\/\/www.pasadenahoy.com\/primero\/wp-json\/wp\/v2\/posts\/10544\/revisions"}],"predecessor-version":[{"id":10548,"href":"http:\/\/www.pasadenahoy.com\/primero\/wp-json\/wp\/v2\/posts\/10544\/revisions\/10548"}],"wp:attachment":[{"href":"http:\/\/www.pasadenahoy.com\/primero\/wp-json\/wp\/v2\/media?parent=10544"}],"wp:term":[{"taxonomy":"category","embeddable":true,"href":"http:\/\/www.pasadenahoy.com\/primero\/wp-json\/wp\/v2\/categories?post=10544"},{"taxonomy":"post_tag","embeddable":true,"href":"http:\/\/www.pasadenahoy.com\/primero\/wp-json\/wp\/v2\/tags?post=10544"}],"curies":[{"name":"wp","href":"https:\/\/api.w.org\/{rel}","templated":true}]}}