{"id":10558,"date":"2021-08-25T16:52:36","date_gmt":"2021-08-25T16:52:36","guid":{"rendered":"http:\/\/www.pasadenahoy.com\/primero\/?p=10558"},"modified":"2021-08-25T16:52:39","modified_gmt":"2021-08-25T16:52:39","slug":"el-924-de-los-habitantes-de-pasadena-han-recibido-al-menos-una-dosis-de-la-vacuna-covid-19","status":"publish","type":"post","link":"http:\/\/www.pasadenahoy.com\/primero\/la-comunidad\/el-924-de-los-habitantes-de-pasadena-han-recibido-al-menos-una-dosis-de-la-vacuna-covid-19\/","title":{"rendered":"El 92,4% de los habitantes de Pasadena han recibido al menos una dosis de la vacuna COVID-19"},"content":{"rendered":"\n<figure class=\"wp-block-image alignnone size-large\"><figure class=\"alignnone\"><img loading=\"lazy\" width=\"700\" height=\"378\" src=\"http:\/\/www.pasadenahoy.com\/primero\/wp-content\/uploads\/2021\/04\/Covid-Update-1-1-1-700x378-1.jpg\" alt=\"\" class=\"wp-image-7899\" srcset=\"http:\/\/www.pasadenahoy.com\/primero\/wp-content\/uploads\/2021\/04\/Covid-Update-1-1-1-700x378-1.jpg 700w, http:\/\/www.pasadenahoy.com\/primero\/wp-content\/uploads\/2021\/04\/Covid-Update-1-1-1-700x378-1-300x162.jpg 300w, http:\/\/www.pasadenahoy.com\/primero\/wp-content\/uploads\/2021\/04\/Covid-Update-1-1-1-700x378-1-241x130.jpg 241w, http:\/\/www.pasadenahoy.com\/primero\/wp-content\/uploads\/2021\/04\/Covid-Update-1-1-1-700x378-1-333x180.jpg 333w, http:\/\/www.pasadenahoy.com\/primero\/wp-content\/uploads\/2021\/04\/Covid-Update-1-1-1-700x378-1-360x194.jpg 360w\" sizes=\"100vw\" \/><\/figure><\/figure>\n\n\n\n<p>Los funcionarios de salud de la ciudad informaron que el 92,4% de los habitantes de Pasadena con m\u00e1s de 12 a\u00f1os de edad m\u00ednima elegible para la vacunaci\u00f3n COVID-19 hab\u00edan recibido al menos una inyecci\u00f3n hasta el martes.<\/p>\n\n\n\n<p>La tasa de residentes de la ciudad completamente vacunados creci\u00f3 al 83,6%, seg\u00fan datos del Departamento de Salud P\u00fablica de Pasadena.<\/p>\n\n\n\n<p>La agencia document\u00f3 30 nuevas infecciones por COVID-19 el martes.<\/p>\n\n\n\n<p>En total, la ciudad ha registrado 12.601 casos confirmados del virus, junto con 352 muertes, seg\u00fan datos de PPHD.<\/p>\n\n\n\n<p>Un promedio de 27,7 habitantes de Pasadena se infectaron cada d\u00eda durante la semana anterior, dijeron las autoridades.<\/p>\n\n\n\n<p>El Hospital Huntington enumer\u00f3 un total de 36 pacientes con COVID-19 ingresados \u200b\u200ben la instalaci\u00f3n el martes, y 11 de ellos fueron tratados en unidades de cuidados intensivos.<\/p>\n\n\n\n<p>Los funcionarios de salud p\u00fablica del condado de Los \u00c1ngeles informaron 2.600 nuevas infecciones y 39 muertes el martes, elevando los totales del condado a 1.388.143 casos de COVID-19 y 25.114 muertes.<\/p>\n\n\n\n<p>Un poco m\u00e1s de 1.720 pacientes estaban siendo tratados por el virus en los hospitales del condado, y el 26% de ellos estaba siendo atendido en UCI, seg\u00fan un comunicado del Departamento de Salud P\u00fablica del Condado de Los \u00c1ngeles.<\/p>\n\n\n\n<p>La tasa de positividad diaria en todo el condado del martes se midi\u00f3 en 2.8%.<\/p>\n\n\n\n<p>El Dr. Muntu Davis, oficial de salud del condado de Los \u00c1ngeles, inst\u00f3 a todos a vacunarse, &#8220;especialmente en los lugares donde las personas corren mayor riesgo&#8221;.<\/p>\n\n\n\n<p>Durante los \u00faltimos 18 meses de la pandemia, Davis dijo que COVID-19 ha sido la principal causa de muerte, superando las enfermedades coronarias, los accidentes cerebrovasculares, el c\u00e1ncer de pulm\u00f3n, la diabetes, la enfermedad de Alzheimer y todas las dem\u00e1s causas principales de muerte.<\/p>\n\n\n\n<p>\u201cDebemos continuar trabajando para tener m\u00faltiples capas de protecci\u00f3n en todo el condado a medida que comenzamos a entrar en la temporada de influenza\u201d, dijo Davis. &#8220;Al aumentar las vacunas COVID-19 y usar m\u00e1scaras en ambientes interiores, lugares de trabajo y espacios concurridos, podemos frenar la propagaci\u00f3n del virus&#8221;.<\/p>\n\n\n\n<p>El Departamento de Salud P\u00fablica de California enumer\u00f3 10,401 nuevas infecciones y 17 muertes, elevando los totales pand\u00e9micos del estado a 4,133,651 casos de COVID-19 y 64,694 muertes.<\/p>\n\n\n\n<p>La tasa de positividad de la prueba semanal del estado se situ\u00f3 en 5.2%, seg\u00fan datos del CDPH.<\/p>\n\n\n\n<p>Hasta el martes, el condado de Los \u00c1ngeles representaba el 34% de las infecciones por COVID-19 de California y el 39% de las muertes del estado.<\/p>\n","protected":false},"excerpt":{"rendered":"<p>Los funcionarios de salud de la ciudad informaron que el 92,4% de los habitantes de Pasadena con m\u00e1s de 12 a\u00f1os de edad m\u00ednima elegible para la vacunaci\u00f3n COVID-19 hab\u00edan recibido al menos una inyecci\u00f3n hasta el martes. La tasa de residentes de la ciudad completamente vacunados creci\u00f3 al 83,6%, seg\u00fan datos del Departamento de Salud P\u00fablica de Pasadena. La agencia document\u00f3 30 nuevas infecciones por COVID-19 el martes. En total, la ciudad ha registrado 12.601 casos confirmados del virus, [&hellip;]<\/p>\n","protected":false},"author":4,"featured_media":7899,"comment_status":"open","ping_status":"closed","sticky":false,"template":"","format":"standard","meta":[],"categories":[4],"tags":[],"acf":[],"_links":{"self":[{"href":"http:\/\/www.pasadenahoy.com\/primero\/wp-json\/wp\/v2\/posts\/10558"}],"collection":[{"href":"http:\/\/www.pasadenahoy.com\/primero\/wp-json\/wp\/v2\/posts"}],"about":[{"href":"http:\/\/www.pasadenahoy.com\/primero\/wp-json\/wp\/v2\/types\/post"}],"author":[{"embeddable":true,"href":"http:\/\/www.pasadenahoy.com\/primero\/wp-json\/wp\/v2\/users\/4"}],"replies":[{"embeddable":true,"href":"http:\/\/www.pasadenahoy.com\/primero\/wp-json\/wp\/v2\/comments?post=10558"}],"version-history":[{"count":2,"href":"http:\/\/www.pasadenahoy.com\/primero\/wp-json\/wp\/v2\/posts\/10558\/revisions"}],"predecessor-version":[{"id":10560,"href":"http:\/\/www.pasadenahoy.com\/primero\/wp-json\/wp\/v2\/posts\/10558\/revisions\/10560"}],"wp:featuredmedia":[{"embeddable":true,"href":"http:\/\/www.pasadenahoy.com\/primero\/wp-json\/wp\/v2\/media\/7899"}],"wp:attachment":[{"href":"http:\/\/www.pasadenahoy.com\/primero\/wp-json\/wp\/v2\/media?parent=10558"}],"wp:term":[{"taxonomy":"category","embeddable":true,"href":"http:\/\/www.pasadenahoy.com\/primero\/wp-json\/wp\/v2\/categories?post=10558"},{"taxonomy":"post_tag","embeddable":true,"href":"http:\/\/www.pasadenahoy.com\/primero\/wp-json\/wp\/v2\/tags?post=10558"}],"curies":[{"name":"wp","href":"https:\/\/api.w.org\/{rel}","templated":true}]}}