{"id":10565,"date":"2021-08-25T17:03:17","date_gmt":"2021-08-25T17:03:17","guid":{"rendered":"http:\/\/www.pasadenahoy.com\/primero\/?p=10565"},"modified":"2021-08-25T17:03:19","modified_gmt":"2021-08-25T17:03:19","slug":"el-distrito-unificado-de-pasadena-informa-16-nuevos-casos-de-covid-19-entre-estudiantes-personal-desde-el-viernes-numero-de-personas-en-cuarentena-sin-cambios","status":"publish","type":"post","link":"http:\/\/www.pasadenahoy.com\/primero\/la-comunidad\/el-distrito-unificado-de-pasadena-informa-16-nuevos-casos-de-covid-19-entre-estudiantes-personal-desde-el-viernes-numero-de-personas-en-cuarentena-sin-cambios\/","title":{"rendered":"El Distrito Unificado de Pasadena informa 16 nuevos casos de COVID-19 entre estudiantes, personal desde el viernes, n\u00famero de personas en cuarentena sin cambios"},"content":{"rendered":"\n<figure class=\"wp-block-image alignnone size-large\"><figure class=\"alignnone\"><img loading=\"lazy\" width=\"740\" height=\"399\" src=\"http:\/\/www.pasadenahoy.com\/primero\/wp-content\/uploads\/2021\/08\/pic-3-1.png\" alt=\"\" class=\"wp-image-10566\" srcset=\"http:\/\/www.pasadenahoy.com\/primero\/wp-content\/uploads\/2021\/08\/pic-3-1.png 740w, http:\/\/www.pasadenahoy.com\/primero\/wp-content\/uploads\/2021\/08\/pic-3-1-300x162.png 300w, http:\/\/www.pasadenahoy.com\/primero\/wp-content\/uploads\/2021\/08\/pic-3-1-241x130.png 241w, http:\/\/www.pasadenahoy.com\/primero\/wp-content\/uploads\/2021\/08\/pic-3-1-334x180.png 334w, http:\/\/www.pasadenahoy.com\/primero\/wp-content\/uploads\/2021\/08\/pic-3-1-700x377.png 700w, http:\/\/www.pasadenahoy.com\/primero\/wp-content\/uploads\/2021\/08\/pic-3-1-360x194.png 360w, http:\/\/www.pasadenahoy.com\/primero\/wp-content\/uploads\/2021\/08\/pic-3-1-720x388.png 720w\" sizes=\"100vw\" \/><\/figure><\/figure>\n\n\n\n<p>[Nota del editor: esta historia originalmente conten\u00eda un error. Dijo que hab\u00eda una infecci\u00f3n reportada en Field Elementary. Eso no es correcto. Deber\u00eda haber dicho McKinley Elementary. Pedimos disculpas por el error.]<\/p>\n\n\n\n<p>El Distrito Unificado de Pasadena inform\u00f3 el martes por la noche que otros ocho estudiantes y ocho miembros del personal han sido diagnosticados como infectados con COVID-19 desde el viernes pasado.<\/p>\n\n\n\n<p>El n\u00famero total de estudiantes y personal puestos en cuarentena permanece en el nivel 344 del viernes pasado.<\/p>\n\n\n\n<p>Las nuevas infecciones de los estudiantes se produjeron en las escuelas primarias y secundarias.<\/p>\n\n\n\n<p>Hubo dos adicionales en Willard Elementary, uno en Don Benito, uno en John Muir High School, dos en Marshall Fundamental, uno en Pasadena High School y uno en Rose City High.<\/p>\n\n\n\n<p>Entre el personal, se inform\u00f3 una nueva infecci\u00f3n en McKinley Elementary, una en Hamilton Elementary, una en Eliot Arts, una en Rose City High, dos en Sierra Madre Middle School y dos en el Early Childhood Center de Willard School.<\/p>\n\n\n\n<p>La Junta Escolar votar\u00e1 el jueves para exigir que todos los estudiantes de 12 a\u00f1os o m\u00e1s muestren prueba de vacunaci\u00f3n o se sometan a pruebas semanales con el consentimiento informado de los padres.<\/p>\n\n\n\n<p>El distrito tambi\u00e9n planea incorporar a 25 profesionales de la salud adicionales. El distrito tendr\u00e1 equipos de tres personas en cada escuela primaria que rotar\u00e1n a los sitios secundarios todos los lunes.<\/p>\n\n\n\n<p>El distrito pronto tomar\u00e1 medidas para implementar una orden de salud estatal un mes antes de que entre en vigencia.<\/p>\n\n\n\n<p>A partir del 1 de septiembre, todo el personal de la escuela tambi\u00e9n deber\u00e1 mostrar prueba de vacunaci\u00f3n o someterse a pruebas semanales.<\/p>\n\n\n\n<p>Los distritos escolares deben cumplir plenamente con la orden antes del 15 de octubre, dos meses despu\u00e9s de la apertura de las escuelas.<\/p>\n\n\n\n<p>McDonald tambi\u00e9n anunci\u00f3 que el PUSD se est\u00e1 preparando para incorporar a 25 profesionales de la salud adicionales para tener un equipo de tres en cada escuela primaria que rotar\u00e1n a las escuelas secundarias cada lunes.<\/p>\n\n\n\n<p>Tambi\u00e9n dijo que el Distrito est\u00e1 editando las cartas de notificaci\u00f3n enviadas a los padres cuyos hijos deber\u00edan poner en cuarentena porque algunos padres no las ten\u00edan claras.<\/p>\n\n\n\n<p>\u201cEntre los desaf\u00edos m\u00e1s cr\u00edticos de COVID-19 est\u00e1 anticipar y responder r\u00e1pidamente a los nuevos desarrollos que ocurren casi todos los d\u00edas\u201d, dijo McDonald en un correo electr\u00f3nico el 22 de agosto.<\/p>\n","protected":false},"excerpt":{"rendered":"<p>[Nota del editor: esta historia originalmente conten\u00eda un error. Dijo que hab\u00eda una infecci\u00f3n reportada en Field Elementary. Eso no es correcto. Deber\u00eda haber dicho McKinley Elementary. Pedimos disculpas por el error.] El Distrito Unificado de Pasadena inform\u00f3 el martes por la noche que otros ocho estudiantes y ocho miembros del personal han sido diagnosticados como infectados con COVID-19 desde el viernes pasado. El n\u00famero total de estudiantes y personal puestos en cuarentena permanece en el nivel 344 del viernes [&hellip;]<\/p>\n","protected":false},"author":4,"featured_media":10566,"comment_status":"open","ping_status":"closed","sticky":false,"template":"","format":"standard","meta":[],"categories":[4],"tags":[],"acf":[],"_links":{"self":[{"href":"http:\/\/www.pasadenahoy.com\/primero\/wp-json\/wp\/v2\/posts\/10565"}],"collection":[{"href":"http:\/\/www.pasadenahoy.com\/primero\/wp-json\/wp\/v2\/posts"}],"about":[{"href":"http:\/\/www.pasadenahoy.com\/primero\/wp-json\/wp\/v2\/types\/post"}],"author":[{"embeddable":true,"href":"http:\/\/www.pasadenahoy.com\/primero\/wp-json\/wp\/v2\/users\/4"}],"replies":[{"embeddable":true,"href":"http:\/\/www.pasadenahoy.com\/primero\/wp-json\/wp\/v2\/comments?post=10565"}],"version-history":[{"count":2,"href":"http:\/\/www.pasadenahoy.com\/primero\/wp-json\/wp\/v2\/posts\/10565\/revisions"}],"predecessor-version":[{"id":10568,"href":"http:\/\/www.pasadenahoy.com\/primero\/wp-json\/wp\/v2\/posts\/10565\/revisions\/10568"}],"wp:featuredmedia":[{"embeddable":true,"href":"http:\/\/www.pasadenahoy.com\/primero\/wp-json\/wp\/v2\/media\/10566"}],"wp:attachment":[{"href":"http:\/\/www.pasadenahoy.com\/primero\/wp-json\/wp\/v2\/media?parent=10565"}],"wp:term":[{"taxonomy":"category","embeddable":true,"href":"http:\/\/www.pasadenahoy.com\/primero\/wp-json\/wp\/v2\/categories?post=10565"},{"taxonomy":"post_tag","embeddable":true,"href":"http:\/\/www.pasadenahoy.com\/primero\/wp-json\/wp\/v2\/tags?post=10565"}],"curies":[{"name":"wp","href":"https:\/\/api.w.org\/{rel}","templated":true}]}}