{"id":10584,"date":"2021-08-26T15:04:24","date_gmt":"2021-08-26T15:04:24","guid":{"rendered":"http:\/\/www.pasadenahoy.com\/primero\/?p=10584"},"modified":"2021-08-26T15:04:26","modified_gmt":"2021-08-26T15:04:26","slug":"las-infecciones-por-covid-19-en-pasadena-tienden-a-disminuir-gradualmente","status":"publish","type":"post","link":"http:\/\/www.pasadenahoy.com\/primero\/la-comunidad\/las-infecciones-por-covid-19-en-pasadena-tienden-a-disminuir-gradualmente\/","title":{"rendered":"Las infecciones por COVID-19 en Pasadena tienden a disminuir gradualmente"},"content":{"rendered":"\n<figure class=\"wp-block-image alignnone size-large\"><figure class=\"alignnone\"><img loading=\"lazy\" width=\"700\" height=\"378\" src=\"http:\/\/www.pasadenahoy.com\/primero\/wp-content\/uploads\/2021\/04\/Covid-Update-1-1-1-700x378-1.jpg\" alt=\"\" class=\"wp-image-7899\" srcset=\"http:\/\/www.pasadenahoy.com\/primero\/wp-content\/uploads\/2021\/04\/Covid-Update-1-1-1-700x378-1.jpg 700w, http:\/\/www.pasadenahoy.com\/primero\/wp-content\/uploads\/2021\/04\/Covid-Update-1-1-1-700x378-1-300x162.jpg 300w, http:\/\/www.pasadenahoy.com\/primero\/wp-content\/uploads\/2021\/04\/Covid-Update-1-1-1-700x378-1-241x130.jpg 241w, http:\/\/www.pasadenahoy.com\/primero\/wp-content\/uploads\/2021\/04\/Covid-Update-1-1-1-700x378-1-333x180.jpg 333w, http:\/\/www.pasadenahoy.com\/primero\/wp-content\/uploads\/2021\/04\/Covid-Update-1-1-1-700x378-1-360x194.jpg 360w\" sizes=\"100vw\" \/><\/figure><\/figure>\n\n\n\n<p>El mi\u00e9rcoles se detectaron veintid\u00f3s nuevas infecciones por COVID-19 en Pasadena, ya que la tasa de infecci\u00f3n de la ciudad experiment\u00f3 un quinto d\u00eda de disminuci\u00f3n gradual pero constante, seg\u00fan datos del Departamento de Salud P\u00fablica de Pasadena.<\/p>\n\n\n\n<p>Sin nuevas muertes reportadas, el total de la pandemia de Pasadena se situ\u00f3 en 12,623 casos confirmados del virus y 354 muertes, seg\u00fan muestran los registros.<\/p>\n\n\n\n<p>El n\u00famero promedio de infecciones semanales de la ciudad disminuy\u00f3 lenta pero constantemente durante los cinco d\u00edas anteriores, llegando a 26,9.<\/p>\n\n\n\n<p>En Huntington Hospital, 36 pacientes con COVID-19 fueron admitidos hasta el martes, y 11 de ellos fueron tratados en unidades de cuidados intensivos, seg\u00fan la instalaci\u00f3n.<\/p>\n\n\n\n<p>Mientras tanto, los funcionarios de salud del condado continuaron pidiendo que aquellos que no han sido vacunados lo hagan, citando an\u00e1lisis de datos que muestran que los que no est\u00e1n vacunados tienen casi 30 veces m\u00e1s probabilidades de ser hospitalizados con el virus que los que s\u00ed lo est\u00e1n.<\/p>\n\n\n\n<p>&#8220;Los datos del condado de Los \u00c1ngeles muestran que la tasa de infecci\u00f3n por COVID-19 entre las personas no vacunadas fue 4.9 veces mayor y la tasa de hospitalizaci\u00f3n fue 29.2 veces mayor que la tasa de personas completamente vacunadas en el condado de Los \u00c1ngeles el 25 de julio de 2021&#8221;, dijo el Departamento de Salud P\u00fablica del Condado de Los \u00c1ngeles. dijo en una declaraci\u00f3n escrita.<\/p>\n\n\n\n<p>&#8220;Las personas completamente vacunadas con la infecci\u00f3n por COVID-19 ten\u00edan significativamente menos probabilidades que las personas no vacunadas de ser hospitalizadas, de ser admitidas en una unidad de cuidados intensivos, de requerir ventilaci\u00f3n mec\u00e1nica o de morir por la infecci\u00f3n de COVID-19&#8221;, dice el comunicado.<\/p>\n\n\n\n<p>Estudios recientes tambi\u00e9n han concluido que las vacunas COVID-19 existentes brindan protecci\u00f3n contra la variante Delta, dijo la directora de salud p\u00fablica del condado de Los \u00c1ngeles, Barbara Ferrer.<\/p>\n\n\n\n<p>\u201cJuntos debemos continuar aumentando las vacunas COVID-19, en coordinaci\u00f3n con otras estrategias de prevenci\u00f3n como enmascaramiento, pruebas, rastreo de contactos y cuarentena\u201d, dijo Ferrer. &#8220;Estos esfuerzos son fundamentales para prevenir hospitalizaciones y muertes por COVID-19&#8221;.<\/p>\n\n\n\n<p>Los funcionarios del condado anunciaron 3.322 nuevas infecciones y 36 muertes el mi\u00e9rcoles, lo que eleva los recuentos generales a 1.391.363 casos confirmados de COVID-19 y 25.150 muertes.<\/p>\n\n\n\n<p>&#8220;Con el aumento de las pruebas de detecci\u00f3n de rutina, incluso en escuelas e institutos de educaci\u00f3n superior, Salud P\u00fablica espera que el n\u00famero de casos siga siendo alto&#8221;, dijo el comunicado del condado.<\/p>\n\n\n\n<p>El n\u00famero de pacientes hospitalizados con el virus aument\u00f3 ligeramente a 1.747, y el 27% de ellos fue atendido en UCI, dijeron funcionarios de salud p\u00fablica del condado.<\/p>\n\n\n\n<p>La tasa de positividad de las pruebas diarias en todo el condado del mi\u00e9rcoles fue de 2.9%, agregaron las autoridades.<\/p>\n\n\n\n<p>Los funcionarios estatales de salud p\u00fablica informaron 11,899 nuevas infecciones y 108 muertes el mi\u00e9rcoles, elevando el total de la pandemia a 4,145,550 casos de COVID-19 y 64,802 muertes.<\/p>\n\n\n\n<p>La tasa de positividad semanal en todo el estado aument\u00f3 hasta un 5,4%, seg\u00fan los registros del Departamento de Salud P\u00fablica de California.<\/p>\n\n\n\n<p>Hasta el mi\u00e9rcoles, el condado de Los \u00c1ngeles representaba el 34% de las infecciones por COVID-19 de California y el 39% de las muertes asociadas en el estado.<\/p>\n\n\n\n<p>Relacionado:<\/p>\n\n\n\n<p>El Distrito Unificado de Pasadena informa 16 nuevos casos de COVID-19 entre estudiantes, personal desde el viernes, n\u00famero de personas en cuarentena sin cambios<\/p>\n","protected":false},"excerpt":{"rendered":"<p>El mi\u00e9rcoles se detectaron veintid\u00f3s nuevas infecciones por COVID-19 en Pasadena, ya que la tasa de infecci\u00f3n de la ciudad experiment\u00f3 un quinto d\u00eda de disminuci\u00f3n gradual pero constante, seg\u00fan datos del Departamento de Salud P\u00fablica de Pasadena. Sin nuevas muertes reportadas, el total de la pandemia de Pasadena se situ\u00f3 en 12,623 casos confirmados del virus y 354 muertes, seg\u00fan muestran los registros. El n\u00famero promedio de infecciones semanales de la ciudad disminuy\u00f3 lenta pero constantemente durante los cinco [&hellip;]<\/p>\n","protected":false},"author":4,"featured_media":7899,"comment_status":"open","ping_status":"closed","sticky":false,"template":"","format":"standard","meta":[],"categories":[4],"tags":[],"acf":[],"_links":{"self":[{"href":"http:\/\/www.pasadenahoy.com\/primero\/wp-json\/wp\/v2\/posts\/10584"}],"collection":[{"href":"http:\/\/www.pasadenahoy.com\/primero\/wp-json\/wp\/v2\/posts"}],"about":[{"href":"http:\/\/www.pasadenahoy.com\/primero\/wp-json\/wp\/v2\/types\/post"}],"author":[{"embeddable":true,"href":"http:\/\/www.pasadenahoy.com\/primero\/wp-json\/wp\/v2\/users\/4"}],"replies":[{"embeddable":true,"href":"http:\/\/www.pasadenahoy.com\/primero\/wp-json\/wp\/v2\/comments?post=10584"}],"version-history":[{"count":2,"href":"http:\/\/www.pasadenahoy.com\/primero\/wp-json\/wp\/v2\/posts\/10584\/revisions"}],"predecessor-version":[{"id":10586,"href":"http:\/\/www.pasadenahoy.com\/primero\/wp-json\/wp\/v2\/posts\/10584\/revisions\/10586"}],"wp:featuredmedia":[{"embeddable":true,"href":"http:\/\/www.pasadenahoy.com\/primero\/wp-json\/wp\/v2\/media\/7899"}],"wp:attachment":[{"href":"http:\/\/www.pasadenahoy.com\/primero\/wp-json\/wp\/v2\/media?parent=10584"}],"wp:term":[{"taxonomy":"category","embeddable":true,"href":"http:\/\/www.pasadenahoy.com\/primero\/wp-json\/wp\/v2\/categories?post=10584"},{"taxonomy":"post_tag","embeddable":true,"href":"http:\/\/www.pasadenahoy.com\/primero\/wp-json\/wp\/v2\/tags?post=10584"}],"curies":[{"name":"wp","href":"https:\/\/api.w.org\/{rel}","templated":true}]}}