{"id":10595,"date":"2021-08-26T15:22:43","date_gmt":"2021-08-26T15:22:43","guid":{"rendered":"http:\/\/www.pasadenahoy.com\/primero\/?p=10595"},"modified":"2021-08-26T15:22:45","modified_gmt":"2021-08-26T15:22:45","slug":"ashley-pallie-es-nombrada-nueva-directora-de-admisiones-de-pregrado-en-caltech","status":"publish","type":"post","link":"http:\/\/www.pasadenahoy.com\/primero\/la-comunidad\/ashley-pallie-es-nombrada-nueva-directora-de-admisiones-de-pregrado-en-caltech\/","title":{"rendered":"Ashley Pallie es nombrada nueva directora de admisiones de pregrado en Caltech"},"content":{"rendered":"\n<div class=\"wp-block-image alignright\"><figure class=\"alignright size-large\"><img loading=\"lazy\" width=\"267\" height=\"400\" src=\"http:\/\/www.pasadenahoy.com\/primero\/wp-content\/uploads\/2021\/08\/pic-4-11.jpg\" alt=\"\" class=\"wp-image-10596\" srcset=\"http:\/\/www.pasadenahoy.com\/primero\/wp-content\/uploads\/2021\/08\/pic-4-11.jpg 267w, http:\/\/www.pasadenahoy.com\/primero\/wp-content\/uploads\/2021\/08\/pic-4-11-200x300.jpg 200w, http:\/\/www.pasadenahoy.com\/primero\/wp-content\/uploads\/2021\/08\/pic-4-11-87x130.jpg 87w, http:\/\/www.pasadenahoy.com\/primero\/wp-content\/uploads\/2021\/08\/pic-4-11-120x180.jpg 120w\" sizes=\"100vw\" \/><\/figure><\/div>\n\n\n\n<p>Ashley Pallie, una l\u00edder reconocida en admisiones de pregrado y en el reclutamiento de estudiantes hist\u00f3ricamente marginados, que actualmente es la directora de reclutamiento en Pomona College, ha sido nombrada la pr\u00f3xima directora de admisiones de pregrado de Caltech.<\/p>\n\n\n\n<p>\u201cAshley es muy apreciada en el escenario nacional, especialmente por su trabajo de admisiones a DEI. Ella comprende los matices de reclutar y evaluar candidatos de una amplia gama de antecedentes y experiencias \u201d, dice Jarrid Whitney, vicepresidente asistente de asuntos estudiantiles, inscripci\u00f3n y servicios profesionales. &#8220;Ashley es una colaboradora comprobada que tiene un historial de trabajar en estrecha colaboraci\u00f3n con los profesores y administradores para promover la misi\u00f3n de las oficinas que ha representado&#8221;.<\/p>\n\n\n\n<p>Pallie se unir\u00e1 a Caltech el 13 de septiembre.<\/p>\n\n\n\n<p>\u201cEstoy encantado de unirme a la comunidad de Caltech y espec\u00edficamente a la Oficina de Admisiones de Pregrado\u201d, dice Pallie. &#8220;Habiendo admirado durante mucho tiempo el entorno intelectual y colaborativo de Caltech, espero seguir construyendo sobre los grandes \u00e9xitos del equipo de admisiones para traer a los mejores y m\u00e1s brillantes estudiantes de todo el mundo a esta comunidad \u00edntima e innovadora&#8221;.<\/p>\n\n\n\n<p>Antes de ser nombrada directora de reclutamiento en Pomona, Pallie fue decana asociada de admisiones de la universidad; antes de eso, pas\u00f3 seis a\u00f1os en admisiones en Scripps College, donde recibi\u00f3 su licenciatura en artes. Luego, Pallie obtuvo un MBA de la Escuela de Posgrado en Administraci\u00f3n Peter F. Drucker y Masatoshi Ito en Claremont.<\/p>\n\n\n\n<p>Pallie es miembro del comit\u00e9 asesor de College Board Access and Diversity Collaborative, el comit\u00e9 asesor de actualizaci\u00f3n estrat\u00e9gica del Los Angeles Scholars Investment Fund y el comit\u00e9 ad hoc sobre el servicio de profesionales de admisi\u00f3n y consejer\u00eda universitaria de pr\u00f3xima generaci\u00f3n para la Asociaci\u00f3n Nacional de Admisi\u00f3n Universitaria. Asesoramiento.<\/p>\n\n\n\n<p>El comit\u00e9 de b\u00fasqueda que seleccion\u00f3 a Pallie fue presidido por Whitney y tambi\u00e9n incluy\u00f3:<\/p>\n\n\n\n<p>Jared Leadbetter, presidente de la facultad del Comit\u00e9 de Admisiones para estudiantes de primer a\u00f1o y profesor de biolog\u00eda ambiental<br>Domniki Asimaki, presidente de la facultad del Comit\u00e9 de Admisiones de las clases altas y profesor de ingenier\u00eda mec\u00e1nica y civil<br>Xie Chen, miembro del Comit\u00e9 de Admisiones de primer a\u00f1o y profesor de f\u00edsica te\u00f3rica<br>Lesley Nye, decana de estudiantes interina<br>Malina Chang, directora de ayuda financiera para estudiantes<br>Lindsey Malcom-Piqueux (MS &#8217;03), vicepresidenta asistente de diversidad, equidad, inclusi\u00f3n y evaluaci\u00f3n<br>Vanessa Mechem (BS&#8217;22), embajadora estudiantil de admisiones<br>More about this source textSource text required for additional translation information<\/p>\n","protected":false},"excerpt":{"rendered":"<p>Ashley Pallie, una l\u00edder reconocida en admisiones de pregrado y en el reclutamiento de estudiantes hist\u00f3ricamente marginados, que actualmente es la directora de reclutamiento en Pomona College, ha sido nombrada la pr\u00f3xima directora de admisiones de pregrado de Caltech. \u201cAshley es muy apreciada en el escenario nacional, especialmente por su trabajo de admisiones a DEI. Ella comprende los matices de reclutar y evaluar candidatos de una amplia gama de antecedentes y experiencias \u201d, dice Jarrid Whitney, vicepresidente asistente de asuntos [&hellip;]<\/p>\n","protected":false},"author":4,"featured_media":0,"comment_status":"open","ping_status":"closed","sticky":false,"template":"","format":"standard","meta":[],"categories":[4],"tags":[],"acf":[],"_links":{"self":[{"href":"http:\/\/www.pasadenahoy.com\/primero\/wp-json\/wp\/v2\/posts\/10595"}],"collection":[{"href":"http:\/\/www.pasadenahoy.com\/primero\/wp-json\/wp\/v2\/posts"}],"about":[{"href":"http:\/\/www.pasadenahoy.com\/primero\/wp-json\/wp\/v2\/types\/post"}],"author":[{"embeddable":true,"href":"http:\/\/www.pasadenahoy.com\/primero\/wp-json\/wp\/v2\/users\/4"}],"replies":[{"embeddable":true,"href":"http:\/\/www.pasadenahoy.com\/primero\/wp-json\/wp\/v2\/comments?post=10595"}],"version-history":[{"count":2,"href":"http:\/\/www.pasadenahoy.com\/primero\/wp-json\/wp\/v2\/posts\/10595\/revisions"}],"predecessor-version":[{"id":10598,"href":"http:\/\/www.pasadenahoy.com\/primero\/wp-json\/wp\/v2\/posts\/10595\/revisions\/10598"}],"wp:attachment":[{"href":"http:\/\/www.pasadenahoy.com\/primero\/wp-json\/wp\/v2\/media?parent=10595"}],"wp:term":[{"taxonomy":"category","embeddable":true,"href":"http:\/\/www.pasadenahoy.com\/primero\/wp-json\/wp\/v2\/categories?post=10595"},{"taxonomy":"post_tag","embeddable":true,"href":"http:\/\/www.pasadenahoy.com\/primero\/wp-json\/wp\/v2\/tags?post=10595"}],"curies":[{"name":"wp","href":"https:\/\/api.w.org\/{rel}","templated":true}]}}