{"id":10603,"date":"2021-08-26T15:39:50","date_gmt":"2021-08-26T15:39:50","guid":{"rendered":"http:\/\/www.pasadenahoy.com\/primero\/?p=10603"},"modified":"2021-08-26T15:39:53","modified_gmt":"2021-08-26T15:39:53","slug":"el-festival-internacional-de-cine-de-pasadena-regresara-en-septiembre","status":"publish","type":"post","link":"http:\/\/www.pasadenahoy.com\/primero\/la-comunidad\/el-festival-internacional-de-cine-de-pasadena-regresara-en-septiembre\/","title":{"rendered":"El Festival Internacional de Cine de Pasadena regresar\u00e1 en septiembre"},"content":{"rendered":"\n<figure class=\"wp-block-image alignnone size-large\"><figure class=\"alignnone\"><img loading=\"lazy\" width=\"700\" height=\"378\" src=\"http:\/\/www.pasadenahoy.com\/primero\/wp-content\/uploads\/2021\/08\/pic-6-2.png\" alt=\"\" class=\"wp-image-10604\" srcset=\"http:\/\/www.pasadenahoy.com\/primero\/wp-content\/uploads\/2021\/08\/pic-6-2.png 700w, http:\/\/www.pasadenahoy.com\/primero\/wp-content\/uploads\/2021\/08\/pic-6-2-300x162.png 300w, http:\/\/www.pasadenahoy.com\/primero\/wp-content\/uploads\/2021\/08\/pic-6-2-241x130.png 241w, http:\/\/www.pasadenahoy.com\/primero\/wp-content\/uploads\/2021\/08\/pic-6-2-333x180.png 333w, http:\/\/www.pasadenahoy.com\/primero\/wp-content\/uploads\/2021\/08\/pic-6-2-360x194.png 360w\" sizes=\"100vw\" \/><figcaption><span class=\"caption-text\">El director creativo del Festival Internacional de Cine de Pasadena, Marco Neves, y la directora del festival, Jessica Hardin, en el Festival 2019. (Foto cortes\u00eda)<\/span><\/figcaption><\/figure><\/figure>\n\n\n\n<p>El Festival Internacional de Cine de Pasadena (PIFF) se prepara para su regreso a los estrenos presenciales en septiembre con m\u00e1s de 100 pel\u00edculas.<\/p>\n\n\n\n<p>Al igual que muchos otros eventos, la pandemia de COVID-19 hab\u00eda obligado al PIFF a volverse virtual en 2020. Pero este 2021, los organizadores del festival decidieron realizar nuevamente proyecciones en el Laemmle Playhouse 7 en 673 E. Colorado Blvd.<\/p>\n\n\n\n<p>Jessica Hardin, directora del festival, dijo que organizar el evento este a\u00f1o fue &#8220;m\u00e1s dif\u00edcil&#8221; con la pandemia de COVID-19, pero los organizadores creen que ahora es el mejor momento para reanudar las proyecciones de pel\u00edculas en persona.<\/p>\n\n\n\n<p>&#8220;Pensamos que ahora ser\u00eda un buen momento porque esperamos que con la vacuna y con el verano, justo antes de que las cosas se pongan en marcha, este ser\u00eda un buen momento para terminar el festival&#8221;, dijo Hardin.<\/p>\n\n\n\n<p>Hardin dijo que se proyectar\u00e1 una selecci\u00f3n de 115 pel\u00edculas de varios g\u00e9neros durante el festival, que se desarrollar\u00e1 del 9 al 16 de septiembre.<\/p>\n\n\n\n<p>&#8220;Tendremos todos los g\u00e9neros diferentes, como thrillers, terror, cortometrajes, comedia. La comedia es siempre la m\u00e1s dif\u00edcil de encontrar, pero siempre la m\u00e1s apreciada. Y tratamos de mantener la triste tragedia al m\u00ednimo este a\u00f1o \u201d, dijo.<br>Durante el evento tambi\u00e9n se proyectar\u00e1n documentales, videos musicales, animaci\u00f3n y series web.<\/p>\n\n\n\n<p>Cada bloque de programaci\u00f3n de pel\u00edculas terminar\u00e1 con una pregunta y una respuesta para que los espectadores puedan aprender sobre el proceso de realizaci\u00f3n de pel\u00edculas.<\/p>\n\n\n\n<p>Tambi\u00e9n habr\u00e1 un panel de discusi\u00f3n en persona en el que los expertos de la industria compartir\u00e1n sus conocimientos sobre la industria del entretenimiento.<\/p>\n\n\n\n<p>Hardin dijo que cineastas de Nueva York, Chicago y Miami participar\u00e1n en el festival de este a\u00f1o. Jane Kaczmarek, Cheri Oteri de la fama de &#8220;Saturday Night Live&#8221; y Camryn Manheim, entre otras celebridades, tambi\u00e9n asistir\u00e1n al evento.<\/p>\n\n\n\n<p>Hardin admiti\u00f3 que la pandemia afect\u00f3 duramente al PIFF y que sus organizadores tem\u00edan por el futuro de la industria cinematogr\u00e1fica.<\/p>\n\n\n\n<p>&#8220;Est\u00e1bamos realmente aterrorizados de que pudi\u00e9ramos hundirnos porque [la mayor\u00eda de los espacios de eventos] tienen una pol\u00edtica de &#8216;sin reembolso ni intercambio&#8217; porque si todos pidieran reembolsos, la organizaci\u00f3n de las artes quedar\u00eda en bancarrota&#8221;.<\/p>\n\n\n\n<p>Hardin dijo que el mayor desaf\u00edo del PIFF es encontrar patrocinadores que financien sus eventos. Seg\u00fan ella, el PIFF est\u00e1 esperando $ 1,500 en fondos de patrocinio de la ciudad.<\/p>\n\n\n\n<p>\u201cPor lo general, obtenemos $ 1,500, por lo que todav\u00eda estamos esperando noticias de la ciudad. Creo que los jefes de la comisi\u00f3n de arte y cultura [est\u00e1n] de vacaciones en este momento \u201d, dijo.<\/p>\n\n\n\n<p>Visite <a href=\"https:\/\/www.pasadenafilmfestival.org para obtener m\u00e1s informaci\u00f3n.\">https:\/\/www.pasadenafilmfestival.org para obtener m\u00e1s informaci\u00f3n.<\/a><\/p>\n","protected":false},"excerpt":{"rendered":"<p>El Festival Internacional de Cine de Pasadena (PIFF) se prepara para su regreso a los estrenos presenciales en septiembre con m\u00e1s de 100 pel\u00edculas. Al igual que muchos otros eventos, la pandemia de COVID-19 hab\u00eda obligado al PIFF a volverse virtual en 2020. Pero este 2021, los organizadores del festival decidieron realizar nuevamente proyecciones en el Laemmle Playhouse 7 en 673 E. Colorado Blvd. Jessica Hardin, directora del festival, dijo que organizar el evento este a\u00f1o fue &#8220;m\u00e1s dif\u00edcil&#8221; con [&hellip;]<\/p>\n","protected":false},"author":4,"featured_media":0,"comment_status":"open","ping_status":"closed","sticky":false,"template":"","format":"standard","meta":[],"categories":[4],"tags":[],"acf":[],"_links":{"self":[{"href":"http:\/\/www.pasadenahoy.com\/primero\/wp-json\/wp\/v2\/posts\/10603"}],"collection":[{"href":"http:\/\/www.pasadenahoy.com\/primero\/wp-json\/wp\/v2\/posts"}],"about":[{"href":"http:\/\/www.pasadenahoy.com\/primero\/wp-json\/wp\/v2\/types\/post"}],"author":[{"embeddable":true,"href":"http:\/\/www.pasadenahoy.com\/primero\/wp-json\/wp\/v2\/users\/4"}],"replies":[{"embeddable":true,"href":"http:\/\/www.pasadenahoy.com\/primero\/wp-json\/wp\/v2\/comments?post=10603"}],"version-history":[{"count":2,"href":"http:\/\/www.pasadenahoy.com\/primero\/wp-json\/wp\/v2\/posts\/10603\/revisions"}],"predecessor-version":[{"id":10606,"href":"http:\/\/www.pasadenahoy.com\/primero\/wp-json\/wp\/v2\/posts\/10603\/revisions\/10606"}],"wp:attachment":[{"href":"http:\/\/www.pasadenahoy.com\/primero\/wp-json\/wp\/v2\/media?parent=10603"}],"wp:term":[{"taxonomy":"category","embeddable":true,"href":"http:\/\/www.pasadenahoy.com\/primero\/wp-json\/wp\/v2\/categories?post=10603"},{"taxonomy":"post_tag","embeddable":true,"href":"http:\/\/www.pasadenahoy.com\/primero\/wp-json\/wp\/v2\/tags?post=10603"}],"curies":[{"name":"wp","href":"https:\/\/api.w.org\/{rel}","templated":true}]}}