{"id":10623,"date":"2021-08-27T16:31:05","date_gmt":"2021-08-27T16:31:05","guid":{"rendered":"http:\/\/www.pasadenahoy.com\/primero\/?p=10623"},"modified":"2021-08-27T16:31:07","modified_gmt":"2021-08-27T16:31:07","slug":"mujer-de-73-anos-secuestrada-en-south-pasadena-2-sospechosos-encarcelados-tras-persecucion-a-baja-velocidad","status":"publish","type":"post","link":"http:\/\/www.pasadenahoy.com\/primero\/la-comunidad\/mujer-de-73-anos-secuestrada-en-south-pasadena-2-sospechosos-encarcelados-tras-persecucion-a-baja-velocidad\/","title":{"rendered":"Mujer de 73 a\u00f1os secuestrada en South Pasadena; 2 sospechosos encarcelados tras persecuci\u00f3n a baja velocidad"},"content":{"rendered":"\n<figure class=\"wp-block-image alignnone size-large\"><figure class=\"alignnone\"><img loading=\"lazy\" width=\"700\" height=\"378\" src=\"http:\/\/www.pasadenahoy.com\/primero\/wp-content\/uploads\/2021\/08\/pic-4-2.png\" alt=\"\" class=\"wp-image-10624\" srcset=\"http:\/\/www.pasadenahoy.com\/primero\/wp-content\/uploads\/2021\/08\/pic-4-2.png 700w, http:\/\/www.pasadenahoy.com\/primero\/wp-content\/uploads\/2021\/08\/pic-4-2-300x162.png 300w, http:\/\/www.pasadenahoy.com\/primero\/wp-content\/uploads\/2021\/08\/pic-4-2-241x130.png 241w, http:\/\/www.pasadenahoy.com\/primero\/wp-content\/uploads\/2021\/08\/pic-4-2-333x180.png 333w, http:\/\/www.pasadenahoy.com\/primero\/wp-content\/uploads\/2021\/08\/pic-4-2-360x194.png 360w\" sizes=\"100vw\" \/><figcaption><span class=\"caption-text\">\u00a9 Colaboradores de OpenStreetMap<\/span><\/figcaption><\/figure><\/figure>\n\n\n\n<p>La polic\u00eda arrest\u00f3 a dos hombres luego de una breve persecuci\u00f3n a baja velocidad despu\u00e9s de que secuestraron a una mujer de 73 a\u00f1os a punta de cuchillo en South Pasadena el jueves temprano, dijeron las autoridades.<\/p>\n\n\n\n<p>El crimen se desarroll\u00f3 alrededor de la 1:10 a.m. cuando la v\u00edctima, una mujer de la Alhambra, estaba sentada en su autom\u00f3vil estacionado en la cuadra 1900 de Huntington Drive, usando su tel\u00e9fono celular, dijeron funcionarios de la polic\u00eda de South Pasadena en una declaraci\u00f3n escrita.<\/p>\n\n\n\n<p>Se acercaron dos hombres, dijo la polic\u00eda. Uno de ellos abri\u00f3 la puerta del lado del conductor sin llave del veh\u00edculo, blandi\u00f3 un cuchillo y oblig\u00f3 a la v\u00edctima a salir de su veh\u00edculo, dijo la polic\u00eda. Simult\u00e1neamente, un segundo asaltante se subi\u00f3 al autom\u00f3vil de la v\u00edctima desde el lado del pasajero antes de que acelerara en direcci\u00f3n al sur.<\/p>\n\n\n\n<p>\u201cLa v\u00edctima femenina result\u00f3 ilesa, pero perdi\u00f3 su tel\u00e9fono y su bolso, que estaban dentro de su autom\u00f3vil, seg\u00fan el comunicado policial. \u201cLa mujer regres\u00f3 a su casa poco tiempo despu\u00e9s, donde notific\u00f3 a la polic\u00eda\u201d.<\/p>\n\n\n\n<p>Los oficiales vieron el autom\u00f3vil reci\u00e9n robado alrededor de las 4:30 a.m.en la cuadra 600 de Fair Oaks Avenue, dijeron las autoridades.<\/p>\n\n\n\n<p>El conductor llev\u00f3 a la polic\u00eda a una persecuci\u00f3n a baja velocidad durante poco m\u00e1s de 2 millas antes de rendirse en la cuadra 1300 de Garfield Avenue en San Marino, dijeron las autoridades.<\/p>\n\n\n\n<p>El conductor Wilson Celaya, de 20 a\u00f1os, de Los \u00c1ngeles, y el pasajero Emmanuel Navarro Jr., de 22, de Fontana, fueron fichados bajo sospecha de robo de auto, seg\u00fan la polic\u00eda y los registros de reserva del condado de Los \u00c1ngeles.<\/p>\n\n\n\n<p>\u201cDurante un registro del veh\u00edculo se localizaron varios elementos de valor probatorio\u201d, agrega el comunicado policial.<\/p>\n\n\n\n<p>La fianza para ambos sospechosos se fij\u00f3 en $ 100,000 a la espera de sus comparecencias iniciales en la corte, programadas para el lunes en la sucursal de Alhambra de la Corte Superior del Condado de Los \u00c1ngeles.<\/p>\n\n\n\n<p>Se inst\u00f3 a cualquier persona con informaci\u00f3n a comunicarse con el Departamento de Polic\u00eda de South Pasadena al (626) 403-7270. Las pistas tambi\u00e9n se pueden enviar de forma an\u00f3nima a <a href=\"https:\/\/www.lacrimestoppers.org\/\">L.A. Regional Crime Stoppers <\/a>al (800) 222-8477.<\/p>\n","protected":false},"excerpt":{"rendered":"<p>La polic\u00eda arrest\u00f3 a dos hombres luego de una breve persecuci\u00f3n a baja velocidad despu\u00e9s de que secuestraron a una mujer de 73 a\u00f1os a punta de cuchillo en South Pasadena el jueves temprano, dijeron las autoridades. El crimen se desarroll\u00f3 alrededor de la 1:10 a.m. cuando la v\u00edctima, una mujer de la Alhambra, estaba sentada en su autom\u00f3vil estacionado en la cuadra 1900 de Huntington Drive, usando su tel\u00e9fono celular, dijeron funcionarios de la polic\u00eda de South Pasadena en [&hellip;]<\/p>\n","protected":false},"author":4,"featured_media":0,"comment_status":"open","ping_status":"closed","sticky":false,"template":"","format":"standard","meta":[],"categories":[4],"tags":[],"acf":[],"_links":{"self":[{"href":"http:\/\/www.pasadenahoy.com\/primero\/wp-json\/wp\/v2\/posts\/10623"}],"collection":[{"href":"http:\/\/www.pasadenahoy.com\/primero\/wp-json\/wp\/v2\/posts"}],"about":[{"href":"http:\/\/www.pasadenahoy.com\/primero\/wp-json\/wp\/v2\/types\/post"}],"author":[{"embeddable":true,"href":"http:\/\/www.pasadenahoy.com\/primero\/wp-json\/wp\/v2\/users\/4"}],"replies":[{"embeddable":true,"href":"http:\/\/www.pasadenahoy.com\/primero\/wp-json\/wp\/v2\/comments?post=10623"}],"version-history":[{"count":2,"href":"http:\/\/www.pasadenahoy.com\/primero\/wp-json\/wp\/v2\/posts\/10623\/revisions"}],"predecessor-version":[{"id":10626,"href":"http:\/\/www.pasadenahoy.com\/primero\/wp-json\/wp\/v2\/posts\/10623\/revisions\/10626"}],"wp:attachment":[{"href":"http:\/\/www.pasadenahoy.com\/primero\/wp-json\/wp\/v2\/media?parent=10623"}],"wp:term":[{"taxonomy":"category","embeddable":true,"href":"http:\/\/www.pasadenahoy.com\/primero\/wp-json\/wp\/v2\/categories?post=10623"},{"taxonomy":"post_tag","embeddable":true,"href":"http:\/\/www.pasadenahoy.com\/primero\/wp-json\/wp\/v2\/tags?post=10623"}],"curies":[{"name":"wp","href":"https:\/\/api.w.org\/{rel}","templated":true}]}}