{"id":10642,"date":"2021-08-30T16:05:53","date_gmt":"2021-08-30T16:05:53","guid":{"rendered":"http:\/\/www.pasadenahoy.com\/primero\/?p=10642"},"modified":"2021-08-30T16:05:55","modified_gmt":"2021-08-30T16:05:55","slug":"funcionarios-del-condado-observan-la-tendencia-de-casos-de-covid-entre-ninos-no-vacunados","status":"publish","type":"post","link":"http:\/\/www.pasadenahoy.com\/primero\/la-comunidad\/funcionarios-del-condado-observan-la-tendencia-de-casos-de-covid-entre-ninos-no-vacunados\/","title":{"rendered":"Funcionarios del condado observan la tendencia de casos de COVID entre ni\u00f1os no vacunados"},"content":{"rendered":"\n<figure class=\"wp-block-image alignnone size-large\"><figure class=\"alignnone\"><img loading=\"lazy\" width=\"700\" height=\"378\" src=\"http:\/\/www.pasadenahoy.com\/primero\/wp-content\/uploads\/2021\/08\/pic-2-12.jpg\" alt=\"\" class=\"wp-image-10643\" srcset=\"http:\/\/www.pasadenahoy.com\/primero\/wp-content\/uploads\/2021\/08\/pic-2-12.jpg 700w, http:\/\/www.pasadenahoy.com\/primero\/wp-content\/uploads\/2021\/08\/pic-2-12-300x162.jpg 300w, http:\/\/www.pasadenahoy.com\/primero\/wp-content\/uploads\/2021\/08\/pic-2-12-241x130.jpg 241w, http:\/\/www.pasadenahoy.com\/primero\/wp-content\/uploads\/2021\/08\/pic-2-12-333x180.jpg 333w, http:\/\/www.pasadenahoy.com\/primero\/wp-content\/uploads\/2021\/08\/pic-2-12-360x194.jpg 360w\" sizes=\"100vw\" \/><\/figure><\/figure>\n\n\n\n<p>Con las escuelas comenzando su tercera semana de instrucci\u00f3n en persona para el per\u00edodo de oto\u00f1o, los funcionarios de salud del condado de Los \u00c1ngeles est\u00e1n preocupados por una tendencia al aumento de las tasas de casos de coronavirus entre los ni\u00f1os que a\u00fan no son elegibles para vacunarse.<\/p>\n\n\n\n<p>\u201cLas tasas de casos, hospitalizaci\u00f3n y muerte son m\u00e1s altas entre los miembros no vacunados de todos los grupos que entre los vacunados\u201d, dijo la directora de Salud P\u00fablica Barbara Ferrer. \u201cLas personas vacunadas contin\u00faan teniendo tasas para todos los resultados que son muchas veces m\u00e1s bajas que las no vacunadas: tienen de cuatro a ocho veces menos probabilidades de ser hospitalizadas y de cinco a siete veces menos probabilidades de morir a causa de una infecci\u00f3n.<\/p>\n\n\n\n<p>\u201cDurante este per\u00edodo de alta transmisi\u00f3n, proteger a los menores de 12 a\u00f1os que a\u00fan no son elegibles para la vacuna es de suma importancia y todos podemos tomar tantas precauciones como sea posible para limitar el riesgo de transmisi\u00f3n\u201d.<\/p>\n\n\n\n<p>Ferrer proporcion\u00f3 una lista de precauciones de seguridad, que incluyen:<\/p>\n\n\n\n<p>mover actividades al aire libre siempre que sea posible;<\/p>\n\n\n\n<p>distanciarse y evitar multitudes;<\/p>\n\n\n\n<p>enmascarar siempre en interiores y exteriores si el distanciamiento no es posible; y<\/p>\n\n\n\n<p>evaluar cuidadosamente las actividades no esenciales que conllevan un mayor riesgo de transmisi\u00f3n.<\/p>\n\n\n\n<p>El Distrito Escolar Unificado de Los \u00c1ngeles presentar\u00e1 cl\u00ednicas de vacunaci\u00f3n contra el coronavirus en las escuelas a partir del lunes, ofreciendo las vacunas en el campus a todos los estudiantes y empleados elegibles.<\/p>\n\n\n\n<p>La superintendente interina Megan Reilly dijo que los equipos m\u00f3viles de vacunaci\u00f3n visitar\u00e1n todos los campus de las escuelas intermedias y secundarias del LAUSD para administrar la primera y la segunda dosis.<\/p>\n\n\n\n<p>Los estudiantes de 12 a\u00f1os o m\u00e1s son elegibles.<\/p>\n\n\n\n<p>El Departamento de Salud P\u00fablica del Condado de Los \u00c1ngeles anunci\u00f3 2,232 nuevas pruebas positivas de COVID-19 y cinco muertes adicionales el domingo, lo que eleva los totales acumulados del condado a 1,403,053 casos y 25,245 muertes desde que comenz\u00f3 la pandemia.<\/p>\n\n\n\n<p>El n\u00famero de pacientes con COVID en los hospitales del condado era de 1.687 hasta el domingo, seg\u00fan cifras estatales, con 453 de ellos en cuidados intensivos.<\/p>\n","protected":false},"excerpt":{"rendered":"<p>Con las escuelas comenzando su tercera semana de instrucci\u00f3n en persona para el per\u00edodo de oto\u00f1o, los funcionarios de salud del condado de Los \u00c1ngeles est\u00e1n preocupados por una tendencia al aumento de las tasas de casos de coronavirus entre los ni\u00f1os que a\u00fan no son elegibles para vacunarse. \u201cLas tasas de casos, hospitalizaci\u00f3n y muerte son m\u00e1s altas entre los miembros no vacunados de todos los grupos que entre los vacunados\u201d, dijo la directora de Salud P\u00fablica Barbara Ferrer. [&hellip;]<\/p>\n","protected":false},"author":4,"featured_media":10643,"comment_status":"open","ping_status":"closed","sticky":false,"template":"","format":"standard","meta":[],"categories":[4],"tags":[],"acf":[],"_links":{"self":[{"href":"http:\/\/www.pasadenahoy.com\/primero\/wp-json\/wp\/v2\/posts\/10642"}],"collection":[{"href":"http:\/\/www.pasadenahoy.com\/primero\/wp-json\/wp\/v2\/posts"}],"about":[{"href":"http:\/\/www.pasadenahoy.com\/primero\/wp-json\/wp\/v2\/types\/post"}],"author":[{"embeddable":true,"href":"http:\/\/www.pasadenahoy.com\/primero\/wp-json\/wp\/v2\/users\/4"}],"replies":[{"embeddable":true,"href":"http:\/\/www.pasadenahoy.com\/primero\/wp-json\/wp\/v2\/comments?post=10642"}],"version-history":[{"count":2,"href":"http:\/\/www.pasadenahoy.com\/primero\/wp-json\/wp\/v2\/posts\/10642\/revisions"}],"predecessor-version":[{"id":10645,"href":"http:\/\/www.pasadenahoy.com\/primero\/wp-json\/wp\/v2\/posts\/10642\/revisions\/10645"}],"wp:featuredmedia":[{"embeddable":true,"href":"http:\/\/www.pasadenahoy.com\/primero\/wp-json\/wp\/v2\/media\/10643"}],"wp:attachment":[{"href":"http:\/\/www.pasadenahoy.com\/primero\/wp-json\/wp\/v2\/media?parent=10642"}],"wp:term":[{"taxonomy":"category","embeddable":true,"href":"http:\/\/www.pasadenahoy.com\/primero\/wp-json\/wp\/v2\/categories?post=10642"},{"taxonomy":"post_tag","embeddable":true,"href":"http:\/\/www.pasadenahoy.com\/primero\/wp-json\/wp\/v2\/tags?post=10642"}],"curies":[{"name":"wp","href":"https:\/\/api.w.org\/{rel}","templated":true}]}}