{"id":10646,"date":"2021-08-30T16:10:33","date_gmt":"2021-08-30T16:10:33","guid":{"rendered":"http:\/\/www.pasadenahoy.com\/primero\/?p=10646"},"modified":"2021-08-30T16:10:35","modified_gmt":"2021-08-30T16:10:35","slug":"los-bomberos-de-pasadena-se-unen-a-las-batallas-contra-dos-incendios-masivos-en-el-norte-de-california","status":"publish","type":"post","link":"http:\/\/www.pasadenahoy.com\/primero\/la-comunidad\/los-bomberos-de-pasadena-se-unen-a-las-batallas-contra-dos-incendios-masivos-en-el-norte-de-california\/","title":{"rendered":"Los bomberos de Pasadena se unen a las batallas contra dos incendios masivos en el norte de California"},"content":{"rendered":"\n<figure class=\"wp-block-image alignnone size-large\"><figure class=\"alignnone\"><img loading=\"lazy\" width=\"700\" height=\"378\" src=\"http:\/\/www.pasadenahoy.com\/primero\/wp-content\/uploads\/2021\/08\/pic-3-12.jpg\" alt=\"\" class=\"wp-image-10647\" srcset=\"http:\/\/www.pasadenahoy.com\/primero\/wp-content\/uploads\/2021\/08\/pic-3-12.jpg 700w, http:\/\/www.pasadenahoy.com\/primero\/wp-content\/uploads\/2021\/08\/pic-3-12-300x162.jpg 300w, http:\/\/www.pasadenahoy.com\/primero\/wp-content\/uploads\/2021\/08\/pic-3-12-241x130.jpg 241w, http:\/\/www.pasadenahoy.com\/primero\/wp-content\/uploads\/2021\/08\/pic-3-12-333x180.jpg 333w, http:\/\/www.pasadenahoy.com\/primero\/wp-content\/uploads\/2021\/08\/pic-3-12-360x194.jpg 360w\" sizes=\"100vw\" \/><figcaption><span class=\"caption-text\">(Imagen cortes\u00eda del Departamento de Bomberos de Pasadena)<\/span><\/figcaption><\/figure><\/figure>\n\n\n\n<p>Seis bomberos de Pasadena han sido enviados a dos incendios forestales separados que arden en \u00e1reas monta\u00f1osas del norte de California, dijo el domingo por la noche el jefe de bomberos de Pasadena, Chad Augustin.<\/p>\n\n\n\n<p>\u201cIncluyen a un miembro que trabaja en un equipo de gesti\u00f3n de incidentes (IMT) desplegado en el incidente de McFarland y cinco miembros desplegados en el incendio de Dixie\u201d, dijo Augustin.<\/p>\n\n\n\n<p>\u201cLos cinco incluyen un aprendiz de l\u00edder del equipo de ataque que est\u00e1 ayudando a administrar un equipo de ataque de cinco camiones de bomberos y un cami\u00f3n de bomberos para cuatro personas, que es uno de los cinco camiones de bomberos que forman el equipo de ataque\u201d.<\/p>\n\n\n\n<p>A partir de las 7 p.m. El domingo, el gigantesco Dixie Fire hab\u00eda quemado 765,635 acres en cinco condados: Plumas, Tehama, Lassen, Butte y Shasta. Se encuentra a unas 125 millas al norte del lago Tahoe, que a su vez est\u00e1 amenazado por el incendio de Caldor.<\/p>\n\n\n\n<p>Solo estaba contenido en un 48%.<\/p>\n\n\n\n<p>El incendio de McFarland se inici\u00f3 con un rayo el 29 de julio cerca de McFarland Ridge, al sur de la autopista 36 cerca de Wildwood, California.<\/p>\n\n\n\n<p>Hab\u00eda crecido a 122,653 hasta el domingo y estaba contenido en un 94%.<\/p>\n","protected":false},"excerpt":{"rendered":"<p>Seis bomberos de Pasadena han sido enviados a dos incendios forestales separados que arden en \u00e1reas monta\u00f1osas del norte de California, dijo el domingo por la noche el jefe de bomberos de Pasadena, Chad Augustin. \u201cIncluyen a un miembro que trabaja en un equipo de gesti\u00f3n de incidentes (IMT) desplegado en el incidente de McFarland y cinco miembros desplegados en el incendio de Dixie\u201d, dijo Augustin. \u201cLos cinco incluyen un aprendiz de l\u00edder del equipo de ataque que est\u00e1 ayudando [&hellip;]<\/p>\n","protected":false},"author":4,"featured_media":10647,"comment_status":"open","ping_status":"closed","sticky":false,"template":"","format":"standard","meta":[],"categories":[4],"tags":[],"acf":[],"_links":{"self":[{"href":"http:\/\/www.pasadenahoy.com\/primero\/wp-json\/wp\/v2\/posts\/10646"}],"collection":[{"href":"http:\/\/www.pasadenahoy.com\/primero\/wp-json\/wp\/v2\/posts"}],"about":[{"href":"http:\/\/www.pasadenahoy.com\/primero\/wp-json\/wp\/v2\/types\/post"}],"author":[{"embeddable":true,"href":"http:\/\/www.pasadenahoy.com\/primero\/wp-json\/wp\/v2\/users\/4"}],"replies":[{"embeddable":true,"href":"http:\/\/www.pasadenahoy.com\/primero\/wp-json\/wp\/v2\/comments?post=10646"}],"version-history":[{"count":2,"href":"http:\/\/www.pasadenahoy.com\/primero\/wp-json\/wp\/v2\/posts\/10646\/revisions"}],"predecessor-version":[{"id":10649,"href":"http:\/\/www.pasadenahoy.com\/primero\/wp-json\/wp\/v2\/posts\/10646\/revisions\/10649"}],"wp:featuredmedia":[{"embeddable":true,"href":"http:\/\/www.pasadenahoy.com\/primero\/wp-json\/wp\/v2\/media\/10647"}],"wp:attachment":[{"href":"http:\/\/www.pasadenahoy.com\/primero\/wp-json\/wp\/v2\/media?parent=10646"}],"wp:term":[{"taxonomy":"category","embeddable":true,"href":"http:\/\/www.pasadenahoy.com\/primero\/wp-json\/wp\/v2\/categories?post=10646"},{"taxonomy":"post_tag","embeddable":true,"href":"http:\/\/www.pasadenahoy.com\/primero\/wp-json\/wp\/v2\/tags?post=10646"}],"curies":[{"name":"wp","href":"https:\/\/api.w.org\/{rel}","templated":true}]}}