{"id":10658,"date":"2021-08-30T16:23:15","date_gmt":"2021-08-30T16:23:15","guid":{"rendered":"http:\/\/www.pasadenahoy.com\/primero\/?p=10658"},"modified":"2021-08-30T16:23:17","modified_gmt":"2021-08-30T16:23:17","slug":"ed-asner-quien-ayudo-a-relight-pasadena-playhouse-muere-a-los-91-anos","status":"publish","type":"post","link":"http:\/\/www.pasadenahoy.com\/primero\/la-comunidad\/ed-asner-quien-ayudo-a-relight-pasadena-playhouse-muere-a-los-91-anos\/","title":{"rendered":"Ed Asner, quien ayud\u00f3 a Relight Pasadena Playhouse, muere a los 91 a\u00f1os"},"content":{"rendered":"\n<div class=\"wp-block-image alignright\"><figure class=\"alignright size-large\"><img loading=\"lazy\" width=\"309\" height=\"400\" src=\"http:\/\/www.pasadenahoy.com\/primero\/wp-content\/uploads\/2021\/08\/pic6-1.jpg\" alt=\"\" class=\"wp-image-10659\" srcset=\"http:\/\/www.pasadenahoy.com\/primero\/wp-content\/uploads\/2021\/08\/pic6-1.jpg 309w, http:\/\/www.pasadenahoy.com\/primero\/wp-content\/uploads\/2021\/08\/pic6-1-232x300.jpg 232w, http:\/\/www.pasadenahoy.com\/primero\/wp-content\/uploads\/2021\/08\/pic6-1-100x130.jpg 100w, http:\/\/www.pasadenahoy.com\/primero\/wp-content\/uploads\/2021\/08\/pic6-1-139x180.jpg 139w\" sizes=\"100vw\" \/><figcaption><span class=\"caption-text\">Ed Asner<\/span><\/figcaption><\/figure><\/div>\n\n\n\n<p>El hombre que protagoniz\u00f3 el primer espect\u00e1culo en el Pasadena Playhouse despu\u00e9s de que sali\u00f3 de la protecci\u00f3n contra la bancarrota del Cap\u00edtulo 11 hace m\u00e1s de una d\u00e9cada ha muerto.<\/p>\n\n\n\n<p>Ed Asner, la estrella de televisi\u00f3n siete veces ganadora de un Emmy que interpret\u00f3 al periodista Lou Grant en la exitosa comedia de situaci\u00f3n &#8220;The Mary Tyler Moore Show&#8221;, y m\u00e1s tarde su galardonado spin-off hom\u00f3nimo de mentalidad seria, muri\u00f3 el domingo.<\/p>\n\n\n\n<p>Ten\u00eda 91 a\u00f1os.<\/p>\n\n\n\n<p>Asner interpret\u00f3 a Franklin Delano Roosevelt en el espect\u00e1culo individual &#8220;FDR&#8221; en el Pasadena Playhouse en 2010.<\/p>\n\n\n\n<p>La producci\u00f3n marc\u00f3 la re-iluminaci\u00f3n oficial del lugar luego de la declaraci\u00f3n de quiebra de la organizaci\u00f3n a principios de 2010.<br>M\u00e1s tarde, tambi\u00e9n realiz\u00f3 el espect\u00e1culo en Caltech en 2013. En ese momento dijo que encontr\u00f3 la experiencia de la casa de juegos &#8220;insatisfactoria&#8221;, porque el teatro en problemas carec\u00eda de la promoci\u00f3n del espect\u00e1culo en medio de su recuperaci\u00f3n.<\/p>\n\n\n\n<p>&#8220;Lamentamos decir que nuestro amado patriarca falleci\u00f3 esta ma\u00f1ana en paz&#8221;, dijo su familia en Twitter. \u201cLas palabras no pueden expresar la tristeza que sentimos. Con un beso en la cabeza &#8211; Buenas noches pap\u00e1. Te amamos.&#8221;<\/p>\n\n\n\n<p>Seg\u00fan NBC News, Asner gan\u00f3 cinco premios Emmy por interpretar a Grant, incluidos premios Emmy consecutivos al mejor actor de reparto en una serie de comedia en 1971 y 1972.<\/p>\n\n\n\n<p>Por su papel de Grant, Asner gan\u00f3 tres premios Emmy como actor secundario destacado en una serie de comedia y dos como actor principal destacado en una serie dram\u00e1tica, convirti\u00e9ndose en el primer actor en ganar un Emmy en los g\u00e9neros de comedia y drama por el mismo papel.<\/p>\n\n\n\n<p>Una nueva generaci\u00f3n conoci\u00f3 su trabajo cuando interpret\u00f3 a un Pap\u00e1 Noel gru\u00f1\u00f3n en la pel\u00edcula de 2003 &#8220;Elf&#8221;.<\/p>\n\n\n\n<p>Asner naci\u00f3 en Kansas City, Missouri. Despu\u00e9s de su servicio militar, Asner ayud\u00f3 a fundar Playwrights Theatre Co. en Chicago en la d\u00e9cada de 1950 antes de dirigirse a Nueva York, donde actu\u00f3 en Broadway junto a Jack Lemmon.<\/p>\n\n\n\n<p>Poco despu\u00e9s comenz\u00f3 su carrera televisiva. En 1962, hizo su debut cinematogr\u00e1fico en &#8220;Kid Galahad&#8221;, una pel\u00edcula de Elvis Presley.<\/p>\n\n\n\n<p>Pero la magia sucedi\u00f3 cuando gan\u00f3 el papel del gru\u00f1\u00f3n y serio Grant frente a la bondadosa Mary Richards interpretada por Moore.<\/p>\n\n\n\n<p>Un representante de Asner, Charles Sherman, le dijo a NBC News en un comunicado el domingo que &#8220;falleci\u00f3 hoy pac\u00edficamente rodeado de su familia&#8221;.<\/p>\n","protected":false},"excerpt":{"rendered":"<p>El hombre que protagoniz\u00f3 el primer espect\u00e1culo en el Pasadena Playhouse despu\u00e9s de que sali\u00f3 de la protecci\u00f3n contra la bancarrota del Cap\u00edtulo 11 hace m\u00e1s de una d\u00e9cada ha muerto. Ed Asner, la estrella de televisi\u00f3n siete veces ganadora de un Emmy que interpret\u00f3 al periodista Lou Grant en la exitosa comedia de situaci\u00f3n &#8220;The Mary Tyler Moore Show&#8221;, y m\u00e1s tarde su galardonado spin-off hom\u00f3nimo de mentalidad seria, muri\u00f3 el domingo. Ten\u00eda 91 a\u00f1os. Asner interpret\u00f3 a Franklin [&hellip;]<\/p>\n","protected":false},"author":4,"featured_media":0,"comment_status":"open","ping_status":"closed","sticky":false,"template":"","format":"standard","meta":[],"categories":[4],"tags":[],"acf":[],"_links":{"self":[{"href":"http:\/\/www.pasadenahoy.com\/primero\/wp-json\/wp\/v2\/posts\/10658"}],"collection":[{"href":"http:\/\/www.pasadenahoy.com\/primero\/wp-json\/wp\/v2\/posts"}],"about":[{"href":"http:\/\/www.pasadenahoy.com\/primero\/wp-json\/wp\/v2\/types\/post"}],"author":[{"embeddable":true,"href":"http:\/\/www.pasadenahoy.com\/primero\/wp-json\/wp\/v2\/users\/4"}],"replies":[{"embeddable":true,"href":"http:\/\/www.pasadenahoy.com\/primero\/wp-json\/wp\/v2\/comments?post=10658"}],"version-history":[{"count":2,"href":"http:\/\/www.pasadenahoy.com\/primero\/wp-json\/wp\/v2\/posts\/10658\/revisions"}],"predecessor-version":[{"id":10661,"href":"http:\/\/www.pasadenahoy.com\/primero\/wp-json\/wp\/v2\/posts\/10658\/revisions\/10661"}],"wp:attachment":[{"href":"http:\/\/www.pasadenahoy.com\/primero\/wp-json\/wp\/v2\/media?parent=10658"}],"wp:term":[{"taxonomy":"category","embeddable":true,"href":"http:\/\/www.pasadenahoy.com\/primero\/wp-json\/wp\/v2\/categories?post=10658"},{"taxonomy":"post_tag","embeddable":true,"href":"http:\/\/www.pasadenahoy.com\/primero\/wp-json\/wp\/v2\/tags?post=10658"}],"curies":[{"name":"wp","href":"https:\/\/api.w.org\/{rel}","templated":true}]}}