{"id":10662,"date":"2021-08-30T16:26:46","date_gmt":"2021-08-30T16:26:46","guid":{"rendered":"http:\/\/www.pasadenahoy.com\/primero\/?p=10662"},"modified":"2021-08-30T16:26:48","modified_gmt":"2021-08-30T16:26:48","slug":"espere-temperaturas-mas-bajas-esta-semana-antes-de-aumentar-el-fin-de-semana-del-dia-del-trabajo","status":"publish","type":"post","link":"http:\/\/www.pasadenahoy.com\/primero\/la-comunidad\/espere-temperaturas-mas-bajas-esta-semana-antes-de-aumentar-el-fin-de-semana-del-dia-del-trabajo\/","title":{"rendered":"Espere temperaturas m\u00e1s bajas esta semana antes de aumentar el fin de semana del D\u00eda del Trabajo"},"content":{"rendered":"\n<figure class=\"wp-block-image alignnone size-large\"><figure class=\"alignnone\"><img loading=\"lazy\" width=\"700\" height=\"378\" src=\"http:\/\/www.pasadenahoy.com\/primero\/wp-content\/uploads\/2021\/08\/pic-7-3.jpg\" alt=\"\" class=\"wp-image-10663\" srcset=\"http:\/\/www.pasadenahoy.com\/primero\/wp-content\/uploads\/2021\/08\/pic-7-3.jpg 700w, http:\/\/www.pasadenahoy.com\/primero\/wp-content\/uploads\/2021\/08\/pic-7-3-300x162.jpg 300w, http:\/\/www.pasadenahoy.com\/primero\/wp-content\/uploads\/2021\/08\/pic-7-3-241x130.jpg 241w, http:\/\/www.pasadenahoy.com\/primero\/wp-content\/uploads\/2021\/08\/pic-7-3-333x180.jpg 333w, http:\/\/www.pasadenahoy.com\/primero\/wp-content\/uploads\/2021\/08\/pic-7-3-360x194.jpg 360w\" sizes=\"100vw\" \/><\/figure><\/figure>\n\n\n\n<p>Las temperaturas bajar\u00e1n a mediados de los ochenta esta semana despu\u00e9s de una semana de clima de 90 grados.<\/p>\n\n\n\n<p>A partir del martes, se espera que las temperaturas oscilen alrededor de los 85 grados y permanezcan all\u00ed hasta el s\u00e1bado antes de regresar brevemente a los 90 grados bajos para el D\u00eda del Trabajo.<\/p>\n\n\n\n<p>El lunes por la noche estar\u00e1 parcialmente nublado con m\u00ednimos entre los 60 y los 60.<\/p>\n\n\n\n<p>El martes estar\u00e1 parcialmente nublado con m\u00e1ximos de entre 80 y 80 grados cent\u00edgrados. El martes por la noche estar\u00e1 parcialmente nublado con nubes bajas irregulares,<br>El sol saldr\u00e1 el mi\u00e9rcoles por la ma\u00f1ana despu\u00e9s de algunas nubes bajas y niebla. Se espera que los m\u00e1ximos est\u00e9n a mediados de los 80.<\/p>\n\n\n\n<p>El jueves y el viernes ver\u00e1n m\u00e1ximos en los 80 y m\u00ednimos en los 60 inferiores.<\/p>\n\n\n\n<p>La temperatura subir\u00e1 a 90 grados el s\u00e1bado cuando comience el fin de semana del D\u00eda del Trabajo. .<\/p>\n\n\n\n<p>La semana pasada, las temperaturas locales se dispararon a los 90 grados despu\u00e9s de que una capa marina profunda que manten\u00eda la temperatura por debajo se moviera fuera de la regi\u00f3n, lo que provoc\u00f3 un aumento en las temperaturas de tres a seis grados, seg\u00fan el Servicio Meteorol\u00f3gico Nacional.<\/p>\n\n\n\n<p>Aqu\u00ed hay un pron\u00f3stico diario detallado del Servicio Meteorol\u00f3gico Nacional:<\/p>\n\n\n\n<p>Lunes: Soleado, la m\u00e1xima alrededor de 90. Viento en calma y llegar\u00e1 del suroeste alrededor de 5 mph. Lun.<\/p>\n\n\n\n<p>Por la Noche: \u00c1reas dispersadas de niebla despu\u00e9s de medianoche. Si no, nubes crecientes, la m\u00ednima alrededor de 64. Viento del sur alrededor de 5 mph.<\/p>\n\n\n\n<p>Martes: \u00c1reas dispersadas de niebla antes de mediod\u00eda. Si no, parcialmente soleado, la m\u00e1xima alrededor de 87. Viento del sur sureste de 5 a 10 mph.<\/p>\n\n\n\n<p>Mar. por la Noche: \u00c1reas dispersadas de niebla despu\u00e9s de medianoche. Si no, mayormente nublado, la m\u00ednima alrededor de 64.<\/p>\n\n\n\n<p>Mi\u00e9rcoles: \u00c1reas dispersadas de niebla antes de mediod\u00eda. Si no, parcialmente soleado, la m\u00e1xima alrededor de 84.<\/p>\n\n\n\n<p>Mi\u00e9. Por la Noche: \u00c1reas dispersadas de niebla despu\u00e9s de medianoche. Si no, medio nublado, con m\u00ednima alrededor de 63.<\/p>\n\n\n\n<p>Jueves: \u00c1reas dispersadas de niebla antes de mediod\u00eda. Si no, mayormente soleado, la m\u00e1xima alrededor de 84.<\/p>\n\n\n\n<p>Jue. Por la Noche: \u00c1reas dispersadas de niebla despu\u00e9s de medianoche. Si no, medio nublado, con m\u00ednima alrededor de 63.<\/p>\n\n\n\n<p>Viernes: \u00c1reas dispersadas de niebla. Si no, mayormente soleado, la m\u00e1xima alrededor de 89.<\/p>\n\n\n\n<p>Por la Noche: Despejado, la m\u00ednima alrededor de 63.<\/p>\n\n\n\n<p>S\u00e1bado: Soleado, la m\u00e1xima alrededor de 89.<\/p>\n","protected":false},"excerpt":{"rendered":"<p>Las temperaturas bajar\u00e1n a mediados de los ochenta esta semana despu\u00e9s de una semana de clima de 90 grados. A partir del martes, se espera que las temperaturas oscilen alrededor de los 85 grados y permanezcan all\u00ed hasta el s\u00e1bado antes de regresar brevemente a los 90 grados bajos para el D\u00eda del Trabajo. El lunes por la noche estar\u00e1 parcialmente nublado con m\u00ednimos entre los 60 y los 60. El martes estar\u00e1 parcialmente nublado con m\u00e1ximos de entre 80 [&hellip;]<\/p>\n","protected":false},"author":4,"featured_media":0,"comment_status":"open","ping_status":"closed","sticky":false,"template":"","format":"standard","meta":[],"categories":[4],"tags":[],"acf":[],"_links":{"self":[{"href":"http:\/\/www.pasadenahoy.com\/primero\/wp-json\/wp\/v2\/posts\/10662"}],"collection":[{"href":"http:\/\/www.pasadenahoy.com\/primero\/wp-json\/wp\/v2\/posts"}],"about":[{"href":"http:\/\/www.pasadenahoy.com\/primero\/wp-json\/wp\/v2\/types\/post"}],"author":[{"embeddable":true,"href":"http:\/\/www.pasadenahoy.com\/primero\/wp-json\/wp\/v2\/users\/4"}],"replies":[{"embeddable":true,"href":"http:\/\/www.pasadenahoy.com\/primero\/wp-json\/wp\/v2\/comments?post=10662"}],"version-history":[{"count":2,"href":"http:\/\/www.pasadenahoy.com\/primero\/wp-json\/wp\/v2\/posts\/10662\/revisions"}],"predecessor-version":[{"id":10665,"href":"http:\/\/www.pasadenahoy.com\/primero\/wp-json\/wp\/v2\/posts\/10662\/revisions\/10665"}],"wp:attachment":[{"href":"http:\/\/www.pasadenahoy.com\/primero\/wp-json\/wp\/v2\/media?parent=10662"}],"wp:term":[{"taxonomy":"category","embeddable":true,"href":"http:\/\/www.pasadenahoy.com\/primero\/wp-json\/wp\/v2\/categories?post=10662"},{"taxonomy":"post_tag","embeddable":true,"href":"http:\/\/www.pasadenahoy.com\/primero\/wp-json\/wp\/v2\/tags?post=10662"}],"curies":[{"name":"wp","href":"https:\/\/api.w.org\/{rel}","templated":true}]}}