{"id":10670,"date":"2021-08-30T16:35:28","date_gmt":"2021-08-30T16:35:28","guid":{"rendered":"http:\/\/www.pasadenahoy.com\/primero\/?p=10670"},"modified":"2021-08-30T16:35:30","modified_gmt":"2021-08-30T16:35:30","slug":"consejo-oscuro-por-dos-semanas-mas-plano-de-lincoln-avenue-en-horizon","status":"publish","type":"post","link":"http:\/\/www.pasadenahoy.com\/primero\/el-gobierno-local\/consejo-oscuro-por-dos-semanas-mas-plano-de-lincoln-avenue-en-horizon\/","title":{"rendered":"Consejo oscuro por dos semanas m\u00e1s; Plano de Lincoln Avenue en Horizon"},"content":{"rendered":"\n<figure class=\"wp-block-image alignnone size-large\"><figure class=\"alignnone\"><img loading=\"lazy\" width=\"700\" height=\"378\" src=\"http:\/\/www.pasadenahoy.com\/primero\/wp-content\/uploads\/2021\/08\/pic-9.png\" alt=\"\" class=\"wp-image-10671\" srcset=\"http:\/\/www.pasadenahoy.com\/primero\/wp-content\/uploads\/2021\/08\/pic-9.png 700w, http:\/\/www.pasadenahoy.com\/primero\/wp-content\/uploads\/2021\/08\/pic-9-300x162.png 300w, http:\/\/www.pasadenahoy.com\/primero\/wp-content\/uploads\/2021\/08\/pic-9-241x130.png 241w, http:\/\/www.pasadenahoy.com\/primero\/wp-content\/uploads\/2021\/08\/pic-9-333x180.png 333w, http:\/\/www.pasadenahoy.com\/primero\/wp-content\/uploads\/2021\/08\/pic-9-360x194.png 360w\" sizes=\"100vw\" \/><\/figure><\/figure>\n\n\n\n<p>El Ayuntamiento de Pasadena estar\u00e1 a oscuras durante las pr\u00f3ximas dos semanas, programado para regresar el 13 de septiembre.<\/p>\n\n\n\n<p>Cuando el consejo vuelva a trabajar, llevar\u00e1 a cabo una audiencia p\u00fablica sobre el Plan Espec\u00edfico de Lincoln Avenue.<\/p>\n\n\n\n<p>La ciudad est\u00e1 actualizando los ocho planes espec\u00edficos como parte del programa Our Pasadena 2018, lanzado como un paso hacia la implementaci\u00f3n del Plan General de la ciudad, que gu\u00eda el crecimiento y el desarrollo futuros generales.<\/p>\n\n\n\n<p>El Plan Espec\u00edfico de Lincoln Avenue cambiar\u00eda el corredor de Lincoln Avenue de un \u00e1rea industrial y comercial limitada a un distrito m\u00e1s vibrante orientado al vecindario, con nuevas opciones de vivienda, comercios minoristas y de servicios, espacios de oficinas y usos comunitarios.<\/p>\n\n\n\n<p>El cannabis tambi\u00e9n volver\u00e1 al Concejo Municipal, que tiene que realizar dos lecturas exitosas de la ordenanza de cannabis enmendada antes de que los cambios entren en vigencia que cerrar\u00edan los requisitos de distancia entre los dispensarios y permitir\u00edan m\u00e1s de un dispensario en cada distrito del consejo.<\/p>\n\n\n\n<p>El consejo present\u00f3 la ordenanza para que se pudiera hacer m\u00e1s trabajo.<\/p>\n\n\n\n<p>El Ayuntamiento tambi\u00e9n podr\u00eda deliberar sobre los sopladores de hojas de gas.<\/p>\n\n\n\n<p>Adem\u00e1s del problema de la contaminaci\u00f3n ac\u00fastica, los sopladores de hojas que funcionan con gas generan altos niveles de contaminaci\u00f3n y gases de efecto invernadero, que incluyen mon\u00f3xido de carbono, \u00f3xido nitroso e hidrocarburos.<\/p>\n\n\n\n<p>La concejal Felicia Williams solicit\u00f3 que el tema se presentara ante el Concejo Municipal.<\/p>\n\n\n\n<p>Seg\u00fan el Napa Valley Register, un informe de Edmunds encontr\u00f3 que un soplador de hojas a gasolina emit\u00eda 23 veces m\u00e1s mon\u00f3xido de carbono y 300 veces m\u00e1s hidrocarburos que un Ford Raptor 2011.<\/p>\n\n\n\n<p>A principios de este mes, el Ayuntamiento de South Pasadena realiz\u00f3 la primera lectura de una ordenanza que proh\u00edbe los sopladores de hojas.<\/p>\n\n\n\n<p>La Comisi\u00f3n Asesora Ambiental de la ciudad abord\u00f3 el tema en octubre pasado para &#8220;crear un paquete de informaci\u00f3n&#8221; para que el Comit\u00e9 de Seguridad P\u00fablica del Concejo Municipal lo considere en una pr\u00f3xima reuni\u00f3n, seg\u00fan una historia de Pasadena Now del a\u00f1o pasado por Eddie Rivera<\/p>\n\n\n\n<p>El Comit\u00e9 de Seguridad P\u00fablica deb\u00eda utilizar esa informaci\u00f3n para hacer recomendaciones al Ayuntamiento, incluida la prohibici\u00f3n de las m\u00e1quinas o la consideraci\u00f3n de otras alternativas.<\/p>\n\n\n\n<p>Sin embargo, el tema nunca fue discutido por ese comit\u00e9.<\/p>\n","protected":false},"excerpt":{"rendered":"<p>El Ayuntamiento de Pasadena estar\u00e1 a oscuras durante las pr\u00f3ximas dos semanas, programado para regresar el 13 de septiembre. Cuando el consejo vuelva a trabajar, llevar\u00e1 a cabo una audiencia p\u00fablica sobre el Plan Espec\u00edfico de Lincoln Avenue. La ciudad est\u00e1 actualizando los ocho planes espec\u00edficos como parte del programa Our Pasadena 2018, lanzado como un paso hacia la implementaci\u00f3n del Plan General de la ciudad, que gu\u00eda el crecimiento y el desarrollo futuros generales. El Plan Espec\u00edfico de Lincoln [&hellip;]<\/p>\n","protected":false},"author":4,"featured_media":0,"comment_status":"open","ping_status":"closed","sticky":false,"template":"","format":"standard","meta":[],"categories":[6],"tags":[],"acf":[],"_links":{"self":[{"href":"http:\/\/www.pasadenahoy.com\/primero\/wp-json\/wp\/v2\/posts\/10670"}],"collection":[{"href":"http:\/\/www.pasadenahoy.com\/primero\/wp-json\/wp\/v2\/posts"}],"about":[{"href":"http:\/\/www.pasadenahoy.com\/primero\/wp-json\/wp\/v2\/types\/post"}],"author":[{"embeddable":true,"href":"http:\/\/www.pasadenahoy.com\/primero\/wp-json\/wp\/v2\/users\/4"}],"replies":[{"embeddable":true,"href":"http:\/\/www.pasadenahoy.com\/primero\/wp-json\/wp\/v2\/comments?post=10670"}],"version-history":[{"count":2,"href":"http:\/\/www.pasadenahoy.com\/primero\/wp-json\/wp\/v2\/posts\/10670\/revisions"}],"predecessor-version":[{"id":10673,"href":"http:\/\/www.pasadenahoy.com\/primero\/wp-json\/wp\/v2\/posts\/10670\/revisions\/10673"}],"wp:attachment":[{"href":"http:\/\/www.pasadenahoy.com\/primero\/wp-json\/wp\/v2\/media?parent=10670"}],"wp:term":[{"taxonomy":"category","embeddable":true,"href":"http:\/\/www.pasadenahoy.com\/primero\/wp-json\/wp\/v2\/categories?post=10670"},{"taxonomy":"post_tag","embeddable":true,"href":"http:\/\/www.pasadenahoy.com\/primero\/wp-json\/wp\/v2\/tags?post=10670"}],"curies":[{"name":"wp","href":"https:\/\/api.w.org\/{rel}","templated":true}]}}