{"id":10674,"date":"2021-08-30T16:39:21","date_gmt":"2021-08-30T16:39:21","guid":{"rendered":"http:\/\/www.pasadenahoy.com\/primero\/?p=10674"},"modified":"2021-08-30T16:39:23","modified_gmt":"2021-08-30T16:39:23","slug":"tercer-taller-de-north-lake-avenue-programado-para-el-martes","status":"publish","type":"post","link":"http:\/\/www.pasadenahoy.com\/primero\/la-comunidad\/tercer-taller-de-north-lake-avenue-programado-para-el-martes\/","title":{"rendered":"Tercer taller de North Lake Avenue programado para el martes"},"content":{"rendered":"\n<figure class=\"wp-block-image alignnone size-large\"><figure class=\"alignnone\"><img loading=\"lazy\" width=\"700\" height=\"378\" src=\"http:\/\/www.pasadenahoy.com\/primero\/wp-content\/uploads\/2021\/08\/pic10.png\" alt=\"\" class=\"wp-image-10675\" srcset=\"http:\/\/www.pasadenahoy.com\/primero\/wp-content\/uploads\/2021\/08\/pic10.png 700w, http:\/\/www.pasadenahoy.com\/primero\/wp-content\/uploads\/2021\/08\/pic10-300x162.png 300w, http:\/\/www.pasadenahoy.com\/primero\/wp-content\/uploads\/2021\/08\/pic10-241x130.png 241w, http:\/\/www.pasadenahoy.com\/primero\/wp-content\/uploads\/2021\/08\/pic10-333x180.png 333w, http:\/\/www.pasadenahoy.com\/primero\/wp-content\/uploads\/2021\/08\/pic10-360x194.png 360w\" sizes=\"100vw\" \/><\/figure><\/figure>\n\n\n\n<p>El Departamento de Transporte de la ciudad organizar\u00e1 su tercer taller para el proyecto de mejora de la seguridad del tr\u00e1fico y peatones de Lake Avenue a las 6 p.m. el martes.<\/p>\n\n\n\n<p>Seg\u00fan un memorando de la asistente del administrador de la ciudad, Julie Guittierez, el proyecto es un estudio de concepto que se enfoca en identificar mejoras multimodales que mejorar\u00edan la seguridad y la conectividad peatonal en North Lake Avenue, entre Mountain Street y Maple Avenue.<\/p>\n\n\n\n<p>El prop\u00f3sito del taller es refinar y finalizar el plan conceptual, despu\u00e9s de lo cual se incluir\u00e1 una estimaci\u00f3n de costos.<\/p>\n\n\n\n<p>Esto permitir\u00e1 que el equipo del Departamento de Transporte busque fuentes de financiamiento para el dise\u00f1o y la construcci\u00f3n del proyecto en el futuro.<\/p>\n\n\n\n<p>\u201cLake Avenue es la principal arteria que une el centro de la ciudad y la L Line [anteriormente conocida como Gold Line] Lake Station con el vecindario al norte de la autopista y Altadena\u201d, escribi\u00f3 Guttierez.<\/p>\n\n\n\n<p>Actualmente, el corredor de Lake Avenue de 0.64 millas consta de dos carriles de circulaci\u00f3n en cada direcci\u00f3n, con carriles de doble sentido para dar vuelta a la izquierda o una mediana central elevada.<\/p>\n\n\n\n<p>El corredor tambi\u00e9n tiene algunos de los vol\u00famenes de tr\u00e1fico m\u00e1s altos de la ciudad y tambi\u00e9n sirve como la principal conexi\u00f3n peatonal desde el noroeste de Pasadena al sistema ferroviario Metro.<\/p>\n\n\n\n<p>El Departamento de Transporte, en estrecha colaboraci\u00f3n con la comunidad, ha identificado una serie de posibles mejoras durante los dos primeros talleres.<\/p>\n\n\n\n<p>Esas mejoras mejorar\u00e1n la experiencia de los peatones, abordar\u00e1n la seguridad y mejorar\u00e1n la conectividad.<\/p>\n\n\n\n<p>Para participar en la reuni\u00f3n, \u00fanase a trav\u00e9s de Zoom en <a href=\"https:\/\/zoom.us\/j\/95536200504.\">https:\/\/zoom.us\/j\/95536200504.<\/a><\/p>\n","protected":false},"excerpt":{"rendered":"<p>El Departamento de Transporte de la ciudad organizar\u00e1 su tercer taller para el proyecto de mejora de la seguridad del tr\u00e1fico y peatones de Lake Avenue a las 6 p.m. el martes. Seg\u00fan un memorando de la asistente del administrador de la ciudad, Julie Guittierez, el proyecto es un estudio de concepto que se enfoca en identificar mejoras multimodales que mejorar\u00edan la seguridad y la conectividad peatonal en North Lake Avenue, entre Mountain Street y Maple Avenue. El prop\u00f3sito del [&hellip;]<\/p>\n","protected":false},"author":4,"featured_media":0,"comment_status":"open","ping_status":"closed","sticky":false,"template":"","format":"standard","meta":[],"categories":[4],"tags":[],"acf":[],"_links":{"self":[{"href":"http:\/\/www.pasadenahoy.com\/primero\/wp-json\/wp\/v2\/posts\/10674"}],"collection":[{"href":"http:\/\/www.pasadenahoy.com\/primero\/wp-json\/wp\/v2\/posts"}],"about":[{"href":"http:\/\/www.pasadenahoy.com\/primero\/wp-json\/wp\/v2\/types\/post"}],"author":[{"embeddable":true,"href":"http:\/\/www.pasadenahoy.com\/primero\/wp-json\/wp\/v2\/users\/4"}],"replies":[{"embeddable":true,"href":"http:\/\/www.pasadenahoy.com\/primero\/wp-json\/wp\/v2\/comments?post=10674"}],"version-history":[{"count":2,"href":"http:\/\/www.pasadenahoy.com\/primero\/wp-json\/wp\/v2\/posts\/10674\/revisions"}],"predecessor-version":[{"id":10677,"href":"http:\/\/www.pasadenahoy.com\/primero\/wp-json\/wp\/v2\/posts\/10674\/revisions\/10677"}],"wp:attachment":[{"href":"http:\/\/www.pasadenahoy.com\/primero\/wp-json\/wp\/v2\/media?parent=10674"}],"wp:term":[{"taxonomy":"category","embeddable":true,"href":"http:\/\/www.pasadenahoy.com\/primero\/wp-json\/wp\/v2\/categories?post=10674"},{"taxonomy":"post_tag","embeddable":true,"href":"http:\/\/www.pasadenahoy.com\/primero\/wp-json\/wp\/v2\/tags?post=10674"}],"curies":[{"name":"wp","href":"https:\/\/api.w.org\/{rel}","templated":true}]}}