{"id":10690,"date":"2021-08-31T16:07:26","date_gmt":"2021-08-31T16:07:26","guid":{"rendered":"http:\/\/www.pasadenahoy.com\/primero\/?p=10690"},"modified":"2021-08-31T16:07:29","modified_gmt":"2021-08-31T16:07:29","slug":"comision-considerara-la-omision-de-la-noche-del-terror-contra-los-residentes-chinos-locales-en-la-placa-local","status":"publish","type":"post","link":"http:\/\/www.pasadenahoy.com\/primero\/la-comunidad\/comision-considerara-la-omision-de-la-noche-del-terror-contra-los-residentes-chinos-locales-en-la-placa-local\/","title":{"rendered":"Comisi\u00f3n considerar\u00e1 la omisi\u00f3n de la &#8220;Noche del terror&#8221; contra los residentes chinos locales en la placa local"},"content":{"rendered":"\n<figure class=\"wp-block-image alignnone size-large\"><figure class=\"alignnone\"><img loading=\"lazy\" width=\"700\" height=\"378\" src=\"http:\/\/www.pasadenahoy.com\/primero\/wp-content\/uploads\/2021\/08\/pic-2-13.jpg\" alt=\"\" class=\"wp-image-10686\" srcset=\"http:\/\/www.pasadenahoy.com\/primero\/wp-content\/uploads\/2021\/08\/pic-2-13.jpg 700w, http:\/\/www.pasadenahoy.com\/primero\/wp-content\/uploads\/2021\/08\/pic-2-13-300x162.jpg 300w, http:\/\/www.pasadenahoy.com\/primero\/wp-content\/uploads\/2021\/08\/pic-2-13-241x130.jpg 241w, http:\/\/www.pasadenahoy.com\/primero\/wp-content\/uploads\/2021\/08\/pic-2-13-333x180.jpg 333w, http:\/\/www.pasadenahoy.com\/primero\/wp-content\/uploads\/2021\/08\/pic-2-13-360x194.jpg 360w\" sizes=\"100vw\" \/><figcaption><span class=\"caption-text\">Cr\u00e9dito: Denise Boose<\/span><\/figcaption><\/figure><\/figure>\n\n\n\n<p>En su reuni\u00f3n del 7 de septiembre, la Comisi\u00f3n de Relaciones Humanas de Pasadena discutir\u00e1 una placa conmemorativa que no menciona el papel que jug\u00f3 el racismo en un incidente hace m\u00e1s de 100 a\u00f1os que oblig\u00f3 a los residentes chinos locales a huir para salvar sus vidas y destruy\u00f3 la floreciente ciudad china. Comunidad de Negocios.<\/p>\n\n\n\n<p>En 1885, despu\u00e9s de semanas de tensi\u00f3n y amenazas de violencia, aproximadamente 100 hombres blancos participaron en el mot\u00edn. Sin embargo, no se menciona eso en la placa instalada en Mills Place y Green Street en Old Pasadena.<\/p>\n\n\n\n<p>&#8220;El nombre de Alexander Fraser Mills, un vivero que plant\u00f3 un huerto de c\u00edtricos en 7 \u00bd acres en la esquina noroeste de Colorado Boulevard y Fair Oaks Avenue en 1878&#8221;, dice la placa. &#8220;Mills Place originalmente se llamaba Ward Alley en 1885. Un incendio en este sitio destruy\u00f3 una lavander\u00eda propiedad de colonos chinos&#8221;.<\/p>\n\n\n\n<p>Seg\u00fan un art\u00edculo del Pasadena Weekly de 2015 de Matt Hormann, el incendio fue causado por una turba blanca que, seg\u00fan la historia, \u201cconvirti\u00f3 el barrio chino de Pasadena en un infierno, borr\u00e1ndolo del paisaje y, durante muchos a\u00f1os, de los libros de historia. as\u00ed como,&#8221;<\/p>\n\n\n\n<p>Hormann escribi\u00f3 que &#8220;En el transcurso de 24 horas, racistas enfurecidos expulsaron a los 60 a 100 ciudadanos chinos de Pasadena de la ciudad en una prueba que comenz\u00f3 con la ca\u00edda de un cigarro y culmin\u00f3 con amenazas de linchamiento masivo&#8221;.<\/p>\n\n\n\n<p>Los nombres de los perpetradores de la violencia nunca se han dado a conocer.<\/p>\n\n\n\n<p>El incidente llev\u00f3 a la formaci\u00f3n del Departamento de Bomberos de la ciudad y d\u00e9cadas de separaci\u00f3n racial, seg\u00fan el art\u00edculo.<\/p>\n\n\n\n<p>Los problemas comenzaron en 1883 poco despu\u00e9s de que Yuen Kee trasladara su lavander\u00eda, que fue el primer negocio de propiedad china en Pasadena, a Mills Street, ahora llamada Mills Place en la actual Old Pasadena. All\u00ed, Kee alquil\u00f3 un edificio de 544 pies cuadrados a Jacob Hisey, un administrador de la Iglesia Presbiteriana de Pasadena.<br>Pronto, otros empresarios chinos iniciaron negocios en Mills Street.<\/p>\n\n\n\n<p>Seg\u00fan el art\u00edculo de Hormann, en 1884, Pasadena &amp; Valley Union, el \u00fanico peri\u00f3dico de la ciudad, comenz\u00f3 a publicar art\u00edculos racistas que llamaban a los chinos &#8220;una clase objetable&#8221; cuya inmigraci\u00f3n &#8220;deber\u00eda ser restringida&#8221;.<\/p>\n\n\n\n<p>M\u00e1s tarde ese a\u00f1o, el peri\u00f3dico afirm\u00f3 que hab\u00eda &#8220;causa suficiente&#8221; para expulsar a los chinos de Pasadena y afirm\u00f3 que pod\u00eda hacerse legalmente.<\/p>\n\n\n\n<p>No pas\u00f3 mucho tiempo hasta que casi 100 hombres firmaron una petici\u00f3n en la que se compromet\u00edan a no arrendar propiedades a los chinos. El peri\u00f3dico continu\u00f3 alimentando las llamas racistas al afirmar que el acuerdo debe ser efectivo para expulsarlos si todos los propietarios se unen en \u00e9l.<\/p>\n\n\n\n<p>La petici\u00f3n fue firmada por los futuros alcaldes M.H. Peso y T.P. Lukens, el administrador de correos de la ciudad, el juez de paz local, el presidente de Colorado Street Railroad Co. y el hombre que coloc\u00f3 la piedra angular de Castle Green.<\/p>\n\n\n\n<p>Un incendio comenz\u00f3 el mismo d\u00eda en que se revelaron los nombres. Un grupo de hombres blancos se hab\u00eda reunido cerca de la lavander\u00eda y comenz\u00f3 a arrojarle piedras. Una l\u00e1mpara fue derribada y comenz\u00f3 el fuego. En plena mentalidad de turba, los hombres comenzaron a saquear la ropa despu\u00e9s de que los residentes chinos huyeran para salvar sus vidas.<\/p>\n\n\n\n<p>El d\u00eda despu\u00e9s del incendio, los due\u00f1os de negocios chinos regresaron y encontraron una efigie de un hombre chino linchado desde un poste de tel\u00e9grafo al otro lado de la calle. Al mismo tiempo, los funcionarios de la ciudad estaban redactando una ordenanza para prohibir que los chinos ingresen a partes de Pasadena.<\/p>\n\n\n\n<p>\u201cQue es el sentimiento de esta comunidad que no se permiten barrios chinos dentro de los siguientes l\u00edmites de Pasadena: avenidas Orange Grove y Lake, California St. y Mountain Avenue\u201d, dec\u00eda la ordenanza.<\/p>\n\n\n\n<p>Se advirti\u00f3 a los chinos que abandonaran la ciudad en 24 horas o &#8220;llamar\u00edan a la multitud y echar\u00edan a los chinos por la fuerza&#8221;.<\/p>\n\n\n\n<p>Temiendo por sus vidas, los residentes chinos de Pasadena abandonaron la ciudad.<\/p>\n\n\n\n<p>A principios de este a\u00f1o, dos residentes locales que hab\u00edan le\u00eddo la historia de Hormann se quejaron con la concejal Felicia Williams sobre la placa.<\/p>\n\n\n\n<p>\u201cInvitar\u00eda al p\u00fablico a compartir sus pensamientos sobre el cambio de la placa en comentarios p\u00fablicos\u201d, dijo el presidente de la Comisi\u00f3n de Relaciones Humanas, Brandon Lamar.<\/p>\n","protected":false},"excerpt":{"rendered":"<p>En su reuni\u00f3n del 7 de septiembre, la Comisi\u00f3n de Relaciones Humanas de Pasadena discutir\u00e1 una placa conmemorativa que no menciona el papel que jug\u00f3 el racismo en un incidente hace m\u00e1s de 100 a\u00f1os que oblig\u00f3 a los residentes chinos locales a huir para salvar sus vidas y destruy\u00f3 la floreciente ciudad china. Comunidad de Negocios. En 1885, despu\u00e9s de semanas de tensi\u00f3n y amenazas de violencia, aproximadamente 100 hombres blancos participaron en el mot\u00edn. Sin embargo, no se [&hellip;]<\/p>\n","protected":false},"author":4,"featured_media":10686,"comment_status":"open","ping_status":"closed","sticky":false,"template":"","format":"standard","meta":[],"categories":[4],"tags":[],"acf":[],"_links":{"self":[{"href":"http:\/\/www.pasadenahoy.com\/primero\/wp-json\/wp\/v2\/posts\/10690"}],"collection":[{"href":"http:\/\/www.pasadenahoy.com\/primero\/wp-json\/wp\/v2\/posts"}],"about":[{"href":"http:\/\/www.pasadenahoy.com\/primero\/wp-json\/wp\/v2\/types\/post"}],"author":[{"embeddable":true,"href":"http:\/\/www.pasadenahoy.com\/primero\/wp-json\/wp\/v2\/users\/4"}],"replies":[{"embeddable":true,"href":"http:\/\/www.pasadenahoy.com\/primero\/wp-json\/wp\/v2\/comments?post=10690"}],"version-history":[{"count":2,"href":"http:\/\/www.pasadenahoy.com\/primero\/wp-json\/wp\/v2\/posts\/10690\/revisions"}],"predecessor-version":[{"id":10693,"href":"http:\/\/www.pasadenahoy.com\/primero\/wp-json\/wp\/v2\/posts\/10690\/revisions\/10693"}],"wp:featuredmedia":[{"embeddable":true,"href":"http:\/\/www.pasadenahoy.com\/primero\/wp-json\/wp\/v2\/media\/10686"}],"wp:attachment":[{"href":"http:\/\/www.pasadenahoy.com\/primero\/wp-json\/wp\/v2\/media?parent=10690"}],"wp:term":[{"taxonomy":"category","embeddable":true,"href":"http:\/\/www.pasadenahoy.com\/primero\/wp-json\/wp\/v2\/categories?post=10690"},{"taxonomy":"post_tag","embeddable":true,"href":"http:\/\/www.pasadenahoy.com\/primero\/wp-json\/wp\/v2\/tags?post=10690"}],"curies":[{"name":"wp","href":"https:\/\/api.w.org\/{rel}","templated":true}]}}