{"id":10694,"date":"2021-08-31T16:16:44","date_gmt":"2021-08-31T16:16:44","guid":{"rendered":"http:\/\/www.pasadenahoy.com\/primero\/?p=10694"},"modified":"2021-08-31T16:16:45","modified_gmt":"2021-08-31T16:16:45","slug":"el-bosque-nacional-de-angeles-cerrara-hoy-debido-a-incendios-forestales","status":"publish","type":"post","link":"http:\/\/www.pasadenahoy.com\/primero\/la-comunidad\/el-bosque-nacional-de-angeles-cerrara-hoy-debido-a-incendios-forestales\/","title":{"rendered":"El bosque nacional de \u00c1ngeles cerrar\u00e1 hoy debido a incendios forestales"},"content":{"rendered":"\n<figure class=\"wp-block-image alignnone size-large\"><figure class=\"alignnone\"><img loading=\"lazy\" width=\"700\" height=\"378\" src=\"http:\/\/www.pasadenahoy.com\/primero\/wp-content\/uploads\/2021\/08\/pic3.png\" alt=\"\" class=\"wp-image-10695\" srcset=\"http:\/\/www.pasadenahoy.com\/primero\/wp-content\/uploads\/2021\/08\/pic3.png 700w, http:\/\/www.pasadenahoy.com\/primero\/wp-content\/uploads\/2021\/08\/pic3-300x162.png 300w, http:\/\/www.pasadenahoy.com\/primero\/wp-content\/uploads\/2021\/08\/pic3-241x130.png 241w, http:\/\/www.pasadenahoy.com\/primero\/wp-content\/uploads\/2021\/08\/pic3-333x180.png 333w, http:\/\/www.pasadenahoy.com\/primero\/wp-content\/uploads\/2021\/08\/pic3-360x194.png 360w\" sizes=\"100vw\" \/><\/figure><\/figure>\n\n\n\n<p>El Bosque Nacional \u00c1ngeles en las monta\u00f1as al norte de Pasadena estar\u00e1 cerrado a partir de las 11:59 p.m. El martes por la noche en virtud de una orden emitida por el Servicio Forestal de los EE. UU. Que cerr\u00f3 todos los bosques nacionales de California, excepto uno, debido a los numerosos incendios forestales del estado.<\/p>\n\n\n\n<p>La orden de cerrar todos los bosques en la Regi\u00f3n Pac\u00edfico Sudoeste se extiende hasta el 17 de septiembre y est\u00e1 destinada a ayudar a garantizar la seguridad del p\u00fablico y los bomberos, seg\u00fan la Forestal Regional Jennifer Eberlien.<\/p>\n\n\n\n<p>\u201cNo tomamos esta decisi\u00f3n a la ligera, pero es la mejor opci\u00f3n para la seguridad p\u00fablica\u201d, dijo Eberlien. &#8220;Es especialmente dif\u00edcil con el fin de semana del D\u00eda del Trabajo que se acerca, cuando tanta gente disfruta de nuestros bosques nacionales&#8221;.<\/p>\n\n\n\n<p>Al promulgar los cierres, el servicio forestal busca minimizar la probabilidad de que los visitantes queden atrapados en un bosque nacional durante un incendio, disminuir el potencial de que se inicien nuevos incendios y mejorar la seguridad p\u00fablica y de los bomberos al limitar la exposici\u00f3n al COVID-19 que podr\u00eda ocurrir durante evacuaciones p\u00fablicas.<\/p>\n\n\n\n<p>\u201cM\u00e1s de 6,800 incendios forestales han quemado 1.7 millones de acres en todas las jurisdicciones de California, y el Nivel Nacional de Preparaci\u00f3n contra Incendios Forestales ha estado en PL5 desde el 14 de julio de 2021, solo la tercera vez en los \u00faltimos 20 a\u00f1os que la naci\u00f3n ha alcanzado PL5 a mediados de Julio \u201d, dijo el servicio forestal en un comunicado.<\/p>\n\n\n\n<p>El \u00fanico bosque nacional de California que no est\u00e1 cubierto por la orden es el Bosque Nacional Humboldt-Toiyabe, que no se encuentra en la regi\u00f3n del Pac\u00edfico Sudoeste.<\/p>\n\n\n\n<p>Una parte del Bosque Nacional \u00c1ngeles se encuentra en el condado de Los \u00c1ngeles.<\/p>\n","protected":false},"excerpt":{"rendered":"<p>El Bosque Nacional \u00c1ngeles en las monta\u00f1as al norte de Pasadena estar\u00e1 cerrado a partir de las 11:59 p.m. El martes por la noche en virtud de una orden emitida por el Servicio Forestal de los EE. UU. Que cerr\u00f3 todos los bosques nacionales de California, excepto uno, debido a los numerosos incendios forestales del estado. La orden de cerrar todos los bosques en la Regi\u00f3n Pac\u00edfico Sudoeste se extiende hasta el 17 de septiembre y est\u00e1 destinada a ayudar [&hellip;]<\/p>\n","protected":false},"author":4,"featured_media":10695,"comment_status":"open","ping_status":"closed","sticky":false,"template":"","format":"standard","meta":[],"categories":[4],"tags":[],"acf":[],"_links":{"self":[{"href":"http:\/\/www.pasadenahoy.com\/primero\/wp-json\/wp\/v2\/posts\/10694"}],"collection":[{"href":"http:\/\/www.pasadenahoy.com\/primero\/wp-json\/wp\/v2\/posts"}],"about":[{"href":"http:\/\/www.pasadenahoy.com\/primero\/wp-json\/wp\/v2\/types\/post"}],"author":[{"embeddable":true,"href":"http:\/\/www.pasadenahoy.com\/primero\/wp-json\/wp\/v2\/users\/4"}],"replies":[{"embeddable":true,"href":"http:\/\/www.pasadenahoy.com\/primero\/wp-json\/wp\/v2\/comments?post=10694"}],"version-history":[{"count":2,"href":"http:\/\/www.pasadenahoy.com\/primero\/wp-json\/wp\/v2\/posts\/10694\/revisions"}],"predecessor-version":[{"id":10697,"href":"http:\/\/www.pasadenahoy.com\/primero\/wp-json\/wp\/v2\/posts\/10694\/revisions\/10697"}],"wp:featuredmedia":[{"embeddable":true,"href":"http:\/\/www.pasadenahoy.com\/primero\/wp-json\/wp\/v2\/media\/10695"}],"wp:attachment":[{"href":"http:\/\/www.pasadenahoy.com\/primero\/wp-json\/wp\/v2\/media?parent=10694"}],"wp:term":[{"taxonomy":"category","embeddable":true,"href":"http:\/\/www.pasadenahoy.com\/primero\/wp-json\/wp\/v2\/categories?post=10694"},{"taxonomy":"post_tag","embeddable":true,"href":"http:\/\/www.pasadenahoy.com\/primero\/wp-json\/wp\/v2\/tags?post=10694"}],"curies":[{"name":"wp","href":"https:\/\/api.w.org\/{rel}","templated":true}]}}