{"id":10698,"date":"2021-08-31T16:21:49","date_gmt":"2021-08-31T16:21:49","guid":{"rendered":"http:\/\/www.pasadenahoy.com\/primero\/?p=10698"},"modified":"2021-08-31T16:21:50","modified_gmt":"2021-08-31T16:21:50","slug":"el-museo-cinematografico-nombra-lobby-en-honor-al-ex-residente-de-altadena-sidney-poitier","status":"publish","type":"post","link":"http:\/\/www.pasadenahoy.com\/primero\/la-comunidad\/el-museo-cinematografico-nombra-lobby-en-honor-al-ex-residente-de-altadena-sidney-poitier\/","title":{"rendered":"El museo cinematogr\u00e1fico nombra lobby en honor al ex residente de Altadena, Sidney Poitier"},"content":{"rendered":"\n<div class=\"wp-block-image alignright\"><figure class=\"alignright size-large\"><img loading=\"lazy\" width=\"304\" height=\"400\" src=\"http:\/\/www.pasadenahoy.com\/primero\/wp-content\/uploads\/2021\/08\/pic4-1.png\" alt=\"\" class=\"wp-image-10699\" srcset=\"http:\/\/www.pasadenahoy.com\/primero\/wp-content\/uploads\/2021\/08\/pic4-1.png 304w, http:\/\/www.pasadenahoy.com\/primero\/wp-content\/uploads\/2021\/08\/pic4-1-228x300.png 228w, http:\/\/www.pasadenahoy.com\/primero\/wp-content\/uploads\/2021\/08\/pic4-1-99x130.png 99w, http:\/\/www.pasadenahoy.com\/primero\/wp-content\/uploads\/2021\/08\/pic4-1-137x180.png 137w\" sizes=\"100vw\" \/><figcaption><span class=\"caption-text\">Sidney Poitier (Foto cortes\u00eda de Wikipedia)<\/span><\/figcaption><\/figure><\/div>\n\n\n\n<p>Un mes antes de la apertura de la instalaci\u00f3n, el Museo de la Academia de Cinematograf\u00eda anunci\u00f3 hoy que su gran vest\u00edbulo de 10,000 pies cuadrados ser\u00e1 nombrado en honor al legendario actor y ex residente de Altadena, Sidney Poitier.<\/p>\n\n\n\n<p>&#8220;Es un honor incre\u00edble nombrar nuestro gran vest\u00edbulo, el n\u00facleo del Museo de la Academia, en celebraci\u00f3n de Sir Sidney Poitier, cuyo legado de esfuerzos humanitarios y arte innovador contin\u00faa inspir\u00e1ndonos a todos&#8221;.<\/p>\n\n\n\n<p>Poitier, ahora de 94 a\u00f1os, rompi\u00f3 la barrera del color para los hombres en los Premios de la Academia en 1963 con su actuaci\u00f3n principal ganadora del Oscar en &#8220;Lilies of the Field&#8221;.<\/p>\n\n\n\n<p>Durante ese tiempo Poitier alquil\u00f3 una casa en Altadena.<\/p>\n\n\n\n<p>Poitier fue parte de una bendici\u00f3n de los residentes afroamericanos que buscaban la diversidad y la igualdad que descubrieron la peque\u00f1a comunidad de dormitorios.<\/p>\n\n\n\n<p>Sus cr\u00e9ditos cinematogr\u00e1ficos tambi\u00e9n incluyen &#8220;The Defiant Ones&#8221;, &#8220;Adivina qui\u00e9n viene a cenar&#8221;, &#8220;In the Heat of the Night&#8221;, &#8220;A Raisin in the Sun&#8221; y &#8220;To Sir, with Love&#8221;.<\/p>\n\n\n\n<p>Poitier tambi\u00e9n recibi\u00f3 un Premio Honor\u00edfico de la Academia en 2001, en honor a sus &#8220;notables logros como artista y como ser humano&#8221;.<\/p>\n\n\n\n<p>Fue nombrado caballero por la reina Isabel en 1974 y tambi\u00e9n recibi\u00f3 un Kennedy Center Honor y una Presidential Medal of Freedom.<\/p>\n\n\n\n<p>&#8220;El tremendo impacto de Sidney en la industria cinematogr\u00e1fica y en las audiencias de todo el mundo es inseparable de la historia de su relaci\u00f3n de larga data y colegiada con la Academia&#8221;, dijo la esposa de Poitier, Joanna Shimkus Poitier, en un comunicado.<\/p>\n\n\n\n<p>\u201cSidney siempre se ha enorgullecido del reconocimiento de la Academia por su trabajo. Ser honrado ahora como el hom\u00f3nimo del vest\u00edbulo del Museo de la Academia, el lugar de acceso a todo lo que se encuentra dentro, es casi como recibir un segundo Oscar por su trayectoria &#8220;.<\/p>\n\n\n\n<p>El Museo de la Academia de Cinematograf\u00eda se abrir\u00e1 al p\u00fablico el 30 de septiembre. El museo de 300,000 pies cuadrados abarca dos edificios, con sede en gran parte en el antiguo edificio de May Co. en Wilshire Boulevard y Fairfax Avenue, pero tambi\u00e9n se extiende a una estructura esf\u00e9rica que alberga una gran sala de cine y una terraza al aire libre. El museo contar\u00e1 con 50,000 pies cuadrados de espacio de exhibici\u00f3n, junto con dos teatros, un estudio educativo, un restaurante y otras comodidades.<\/p>\n","protected":false},"excerpt":{"rendered":"<p>Un mes antes de la apertura de la instalaci\u00f3n, el Museo de la Academia de Cinematograf\u00eda anunci\u00f3 hoy que su gran vest\u00edbulo de 10,000 pies cuadrados ser\u00e1 nombrado en honor al legendario actor y ex residente de Altadena, Sidney Poitier. &#8220;Es un honor incre\u00edble nombrar nuestro gran vest\u00edbulo, el n\u00facleo del Museo de la Academia, en celebraci\u00f3n de Sir Sidney Poitier, cuyo legado de esfuerzos humanitarios y arte innovador contin\u00faa inspir\u00e1ndonos a todos&#8221;. Poitier, ahora de 94 a\u00f1os, rompi\u00f3 la [&hellip;]<\/p>\n","protected":false},"author":4,"featured_media":0,"comment_status":"open","ping_status":"closed","sticky":false,"template":"","format":"standard","meta":[],"categories":[4],"tags":[],"acf":[],"_links":{"self":[{"href":"http:\/\/www.pasadenahoy.com\/primero\/wp-json\/wp\/v2\/posts\/10698"}],"collection":[{"href":"http:\/\/www.pasadenahoy.com\/primero\/wp-json\/wp\/v2\/posts"}],"about":[{"href":"http:\/\/www.pasadenahoy.com\/primero\/wp-json\/wp\/v2\/types\/post"}],"author":[{"embeddable":true,"href":"http:\/\/www.pasadenahoy.com\/primero\/wp-json\/wp\/v2\/users\/4"}],"replies":[{"embeddable":true,"href":"http:\/\/www.pasadenahoy.com\/primero\/wp-json\/wp\/v2\/comments?post=10698"}],"version-history":[{"count":2,"href":"http:\/\/www.pasadenahoy.com\/primero\/wp-json\/wp\/v2\/posts\/10698\/revisions"}],"predecessor-version":[{"id":10701,"href":"http:\/\/www.pasadenahoy.com\/primero\/wp-json\/wp\/v2\/posts\/10698\/revisions\/10701"}],"wp:attachment":[{"href":"http:\/\/www.pasadenahoy.com\/primero\/wp-json\/wp\/v2\/media?parent=10698"}],"wp:term":[{"taxonomy":"category","embeddable":true,"href":"http:\/\/www.pasadenahoy.com\/primero\/wp-json\/wp\/v2\/categories?post=10698"},{"taxonomy":"post_tag","embeddable":true,"href":"http:\/\/www.pasadenahoy.com\/primero\/wp-json\/wp\/v2\/tags?post=10698"}],"curies":[{"name":"wp","href":"https:\/\/api.w.org\/{rel}","templated":true}]}}