{"id":10703,"date":"2021-08-31T16:26:46","date_gmt":"2021-08-31T16:26:46","guid":{"rendered":"http:\/\/www.pasadenahoy.com\/primero\/?p=10703"},"modified":"2021-08-31T16:26:48","modified_gmt":"2021-08-31T16:26:48","slug":"el-gobernador-vuelve-a-nombrar-a-pasadenan-como-miembro-del-panel-estatal","status":"publish","type":"post","link":"http:\/\/www.pasadenahoy.com\/primero\/la-comunidad\/el-gobernador-vuelve-a-nombrar-a-pasadenan-como-miembro-del-panel-estatal\/","title":{"rendered":"El gobernador vuelve a nombrar a Pasadenan como miembro del panel estatal"},"content":{"rendered":"\n<figure class=\"wp-block-image alignnone size-large\"><figure class=\"alignnone\"><img loading=\"lazy\" width=\"700\" height=\"378\" src=\"http:\/\/www.pasadenahoy.com\/primero\/wp-content\/uploads\/2021\/08\/pic-5-9.jpg\" alt=\"\" class=\"wp-image-10704\" srcset=\"http:\/\/www.pasadenahoy.com\/primero\/wp-content\/uploads\/2021\/08\/pic-5-9.jpg 700w, http:\/\/www.pasadenahoy.com\/primero\/wp-content\/uploads\/2021\/08\/pic-5-9-300x162.jpg 300w, http:\/\/www.pasadenahoy.com\/primero\/wp-content\/uploads\/2021\/08\/pic-5-9-241x130.jpg 241w, http:\/\/www.pasadenahoy.com\/primero\/wp-content\/uploads\/2021\/08\/pic-5-9-333x180.jpg 333w, http:\/\/www.pasadenahoy.com\/primero\/wp-content\/uploads\/2021\/08\/pic-5-9-360x194.jpg 360w\" sizes=\"100vw\" \/><\/figure><\/figure>\n\n\n\n<p>El gobernador Gavin Newsom anunci\u00f3 el lunes la reelecci\u00f3n de Dennis Alfieri, de 62 a\u00f1os, de Pasadena, a la Junta Directiva de Carreras de Caballos de California, donde se ha desempe\u00f1ado desde 2018.<\/p>\n\n\n\n<p>Alfieri dirigi\u00f3 la Fundaci\u00f3n Juvenil del Sheriff de 2017 a 2020 y es miembro de 40 a\u00f1os de la Asociaci\u00f3n del Torneo de Rosas de Pasadena y miembro del Club Optimist de Pasadena.<\/p>\n\n\n\n<p>Su nombramiento requiere la confirmaci\u00f3n del Senado y la compensaci\u00f3n es de $ 100 por d\u00eda.<\/p>\n\n\n\n<p>Al mismo tiempo, Newsom tambi\u00e9n anunci\u00f3 el nombramiento de un jefe de divisi\u00f3n del Departamento de Bomberos de Newport Beach para la Comisi\u00f3n de Servicios M\u00e9dicos de Emergencia.<\/p>\n\n\n\n<p>Kristin Thompson, de 57 a\u00f1os, de Huntington Beach, ha sido jefa de divisi\u00f3n de EMS para el Departamento de Bomberos de Newport Beach desde 2015 y antes de eso fue educadora de EMS y gerente de EMS en el Departamento de Bomberos de Anaheim de 2007 a 2015.<\/p>\n\n\n\n<p>El nombramiento no requiere la confirmaci\u00f3n del Senado y no hay compensaci\u00f3n.<\/p>\n","protected":false},"excerpt":{"rendered":"<p>El gobernador Gavin Newsom anunci\u00f3 el lunes la reelecci\u00f3n de Dennis Alfieri, de 62 a\u00f1os, de Pasadena, a la Junta Directiva de Carreras de Caballos de California, donde se ha desempe\u00f1ado desde 2018. Alfieri dirigi\u00f3 la Fundaci\u00f3n Juvenil del Sheriff de 2017 a 2020 y es miembro de 40 a\u00f1os de la Asociaci\u00f3n del Torneo de Rosas de Pasadena y miembro del Club Optimist de Pasadena. Su nombramiento requiere la confirmaci\u00f3n del Senado y la compensaci\u00f3n es de $ 100 [&hellip;]<\/p>\n","protected":false},"author":4,"featured_media":0,"comment_status":"open","ping_status":"closed","sticky":false,"template":"","format":"standard","meta":[],"categories":[4],"tags":[],"acf":[],"_links":{"self":[{"href":"http:\/\/www.pasadenahoy.com\/primero\/wp-json\/wp\/v2\/posts\/10703"}],"collection":[{"href":"http:\/\/www.pasadenahoy.com\/primero\/wp-json\/wp\/v2\/posts"}],"about":[{"href":"http:\/\/www.pasadenahoy.com\/primero\/wp-json\/wp\/v2\/types\/post"}],"author":[{"embeddable":true,"href":"http:\/\/www.pasadenahoy.com\/primero\/wp-json\/wp\/v2\/users\/4"}],"replies":[{"embeddable":true,"href":"http:\/\/www.pasadenahoy.com\/primero\/wp-json\/wp\/v2\/comments?post=10703"}],"version-history":[{"count":2,"href":"http:\/\/www.pasadenahoy.com\/primero\/wp-json\/wp\/v2\/posts\/10703\/revisions"}],"predecessor-version":[{"id":10706,"href":"http:\/\/www.pasadenahoy.com\/primero\/wp-json\/wp\/v2\/posts\/10703\/revisions\/10706"}],"wp:attachment":[{"href":"http:\/\/www.pasadenahoy.com\/primero\/wp-json\/wp\/v2\/media?parent=10703"}],"wp:term":[{"taxonomy":"category","embeddable":true,"href":"http:\/\/www.pasadenahoy.com\/primero\/wp-json\/wp\/v2\/categories?post=10703"},{"taxonomy":"post_tag","embeddable":true,"href":"http:\/\/www.pasadenahoy.com\/primero\/wp-json\/wp\/v2\/tags?post=10703"}],"curies":[{"name":"wp","href":"https:\/\/api.w.org\/{rel}","templated":true}]}}