{"id":10714,"date":"2021-09-01T15:55:35","date_gmt":"2021-09-01T15:55:35","guid":{"rendered":"http:\/\/www.pasadenahoy.com\/primero\/?p=10714"},"modified":"2021-09-01T15:55:38","modified_gmt":"2021-09-01T15:55:38","slug":"el-distrito-unificado-de-pasadena-ya-ha-comenzado-las-pruebas-semanales-de-covid-19-antes-de-lo-programado","status":"publish","type":"post","link":"http:\/\/www.pasadenahoy.com\/primero\/la-comunidad\/el-distrito-unificado-de-pasadena-ya-ha-comenzado-las-pruebas-semanales-de-covid-19-antes-de-lo-programado\/","title":{"rendered":"El Distrito Unificado de Pasadena ya ha comenzado las pruebas semanales de COVID-19, antes de lo programado"},"content":{"rendered":"\n<figure class=\"wp-block-image alignnone size-large\"><figure class=\"alignnone\"><img loading=\"lazy\" width=\"700\" height=\"378\" src=\"http:\/\/www.pasadenahoy.com\/primero\/wp-content\/uploads\/2021\/09\/pic-1.png\" alt=\"\" class=\"wp-image-10715\" srcset=\"http:\/\/www.pasadenahoy.com\/primero\/wp-content\/uploads\/2021\/09\/pic-1.png 700w, http:\/\/www.pasadenahoy.com\/primero\/wp-content\/uploads\/2021\/09\/pic-1-300x162.png 300w, http:\/\/www.pasadenahoy.com\/primero\/wp-content\/uploads\/2021\/09\/pic-1-241x130.png 241w, http:\/\/www.pasadenahoy.com\/primero\/wp-content\/uploads\/2021\/09\/pic-1-333x180.png 333w, http:\/\/www.pasadenahoy.com\/primero\/wp-content\/uploads\/2021\/09\/pic-1-360x194.png 360w\" sizes=\"100vw\" \/><\/figure><\/figure>\n\n\n\n<p>El Distrito Escolar Unificado de Pasadena ha avanzado con las pruebas COVID-19 semanales luego de la aprobaci\u00f3n de la pol\u00edtica por parte de la junta escolar la semana pasada, evaluando a 816 estudiantes y personal no vacunados solo el lunes, seg\u00fan el superintendente Brian McDonald.<\/p>\n\n\n\n<p>Aunque la Junta Escolar estableci\u00f3 una fecha de inicio para el 1 de septiembre, un mes completo antes de una orden de salud estatal para comenzar tales pruebas el 1 de octubre, McDonald dijo que PU SD hab\u00eda comenzado a operar incluso antes, el 30 de agosto.<\/p>\n\n\n\n<p>Las cl\u00ednicas m\u00f3viles de pruebas tambi\u00e9n comenzaron a operar en las escuelas primarias y secundarias el lunes, dijo.<\/p>\n\n\n\n<p>Los equipos de salud del PUSD est\u00e1n utilizando pruebas de hisopado nasofar\u00edngeo y orofar\u00edngeo. Las pruebas orales est\u00e1n disponibles para los estudiantes m\u00e1s j\u00f3venes, dijo McDonald. Los resultados de las pruebas suelen aparecer en un plazo de 24 a 48 horas.<\/p>\n\n\n\n<p>El Distrito est\u00e1 utilizando el Laboratorio de la Sucursal de Valencia para procesar las pruebas. El laboratorio es operado por PerkinElmer, una compa\u00f1\u00eda de diagn\u00f3stico global, para el Departamento de Salud P\u00fablica de California.<\/p>\n\n\n\n<p>Mientras tanto, el Distrito dijo el martes por la noche que se confirm\u00f3 que 14 estudiantes m\u00e1s y 1 miembro adicional del personal hab\u00edan sido infectados con COVID-19 entre el 27 y el 31 de agosto.<\/p>\n\n\n\n<p>Desde el 1 de agosto, se ha confirmado que un total de 75 estudiantes y 25 miembros del personal est\u00e1n infectados, seg\u00fan el panel COVID-19 del Distrito.<\/p>\n\n\n\n<p>El jueves pasado, la junta escolar vot\u00f3 por unanimidad para requerir que el personal y los estudiantes elegibles para la vacunaci\u00f3n, o aquellos de 12 a\u00f1os o m\u00e1s, muestren prueba de su vacunaci\u00f3n o se sometan a pruebas semanales.<\/p>\n\n\n\n<p>En la misma reuni\u00f3n, la junta tambi\u00e9n requiri\u00f3 que los estudiantes menores de 12 a\u00f1os, as\u00ed como los estudiantes-atletas, miembros de la banda y participantes del ROTC se sometieran a pruebas semanales, con el consentimiento informado de los padres.<\/p>\n\n\n\n<p>McDonald dijo que los padres deben registrarse a trav\u00e9s de Color, el sistema de gesti\u00f3n de pruebas que utiliza el PUSD si aceptan que su hijo sea evaluado. Los formularios de consentimiento de preinscripci\u00f3n impresos tambi\u00e9n estar\u00e1n disponibles para los padres.<\/p>\n\n\n\n<p>Seg\u00fan McDonald, los equipos escolares se comunicar\u00e1n con los padres para animarlos a dar su consentimiento para las pruebas semanales.<\/p>\n\n\n\n<p>Anteriormente, Ana Maria &#8220;Ria&#8221; Apodaca, Directora de Programas de Salud del PUSD dijo que el personal trabajar\u00e1 con el liderazgo del PUSD para determinar c\u00f3mo manejar\u00e1 el distrito a los estudiantes cuyos padres no dan su consentimiento para las pruebas semanales.<\/p>\n\n\n\n<p>Mientras tanto, McDonald dijo que los empleados que se nieguen a cumplir con el requisito de prueba semanal ser\u00e1n tratados administrativamente.<\/p>\n\n\n\n<p>\u201cLos empleados del PUSD estuvieron entre los primeros educadores en el condado de Los \u00c1ngeles en dar un paso al frente y vacunarse para prevenir la propagaci\u00f3n del virus. Muchos ya est\u00e1n ansiosos por presentar su prueba de vacunaci\u00f3n \u201d, dijo McDonald sin embargo.<\/p>\n\n\n\n<p>El personal no vacunado y los estudiantes mayores de 12 a\u00f1os tienen hasta el 15 de octubre para presentar prueba de que ya han sido completamente vacunados.<\/p>\n","protected":false},"excerpt":{"rendered":"<p>El Distrito Escolar Unificado de Pasadena ha avanzado con las pruebas COVID-19 semanales luego de la aprobaci\u00f3n de la pol\u00edtica por parte de la junta escolar la semana pasada, evaluando a 816 estudiantes y personal no vacunados solo el lunes, seg\u00fan el superintendente Brian McDonald. Aunque la Junta Escolar estableci\u00f3 una fecha de inicio para el 1 de septiembre, un mes completo antes de una orden de salud estatal para comenzar tales pruebas el 1 de octubre, McDonald dijo que [&hellip;]<\/p>\n","protected":false},"author":4,"featured_media":10715,"comment_status":"open","ping_status":"closed","sticky":false,"template":"","format":"standard","meta":[],"categories":[4],"tags":[],"acf":[],"_links":{"self":[{"href":"http:\/\/www.pasadenahoy.com\/primero\/wp-json\/wp\/v2\/posts\/10714"}],"collection":[{"href":"http:\/\/www.pasadenahoy.com\/primero\/wp-json\/wp\/v2\/posts"}],"about":[{"href":"http:\/\/www.pasadenahoy.com\/primero\/wp-json\/wp\/v2\/types\/post"}],"author":[{"embeddable":true,"href":"http:\/\/www.pasadenahoy.com\/primero\/wp-json\/wp\/v2\/users\/4"}],"replies":[{"embeddable":true,"href":"http:\/\/www.pasadenahoy.com\/primero\/wp-json\/wp\/v2\/comments?post=10714"}],"version-history":[{"count":2,"href":"http:\/\/www.pasadenahoy.com\/primero\/wp-json\/wp\/v2\/posts\/10714\/revisions"}],"predecessor-version":[{"id":10717,"href":"http:\/\/www.pasadenahoy.com\/primero\/wp-json\/wp\/v2\/posts\/10714\/revisions\/10717"}],"wp:featuredmedia":[{"embeddable":true,"href":"http:\/\/www.pasadenahoy.com\/primero\/wp-json\/wp\/v2\/media\/10715"}],"wp:attachment":[{"href":"http:\/\/www.pasadenahoy.com\/primero\/wp-json\/wp\/v2\/media?parent=10714"}],"wp:term":[{"taxonomy":"category","embeddable":true,"href":"http:\/\/www.pasadenahoy.com\/primero\/wp-json\/wp\/v2\/categories?post=10714"},{"taxonomy":"post_tag","embeddable":true,"href":"http:\/\/www.pasadenahoy.com\/primero\/wp-json\/wp\/v2\/tags?post=10714"}],"curies":[{"name":"wp","href":"https:\/\/api.w.org\/{rel}","templated":true}]}}