{"id":10722,"date":"2021-09-01T16:06:38","date_gmt":"2021-09-01T16:06:38","guid":{"rendered":"http:\/\/www.pasadenahoy.com\/primero\/?p=10722"},"modified":"2021-09-01T16:06:41","modified_gmt":"2021-09-01T16:06:41","slug":"la-tasa-de-vacunacion-total-covid-19-de-pasadena-supera-el-85","status":"publish","type":"post","link":"http:\/\/www.pasadenahoy.com\/primero\/la-comunidad\/la-tasa-de-vacunacion-total-covid-19-de-pasadena-supera-el-85\/","title":{"rendered":"La tasa de vacunaci\u00f3n total COVID-19 de Pasadena supera el 85%"},"content":{"rendered":"\n<figure class=\"wp-block-image alignnone size-large\"><figure class=\"alignnone\"><img loading=\"lazy\" width=\"700\" height=\"378\" src=\"http:\/\/www.pasadenahoy.com\/primero\/wp-content\/uploads\/2021\/04\/Covid-Update-1-1-1-700x378-1.jpg\" alt=\"\" class=\"wp-image-7899\" srcset=\"http:\/\/www.pasadenahoy.com\/primero\/wp-content\/uploads\/2021\/04\/Covid-Update-1-1-1-700x378-1.jpg 700w, http:\/\/www.pasadenahoy.com\/primero\/wp-content\/uploads\/2021\/04\/Covid-Update-1-1-1-700x378-1-300x162.jpg 300w, http:\/\/www.pasadenahoy.com\/primero\/wp-content\/uploads\/2021\/04\/Covid-Update-1-1-1-700x378-1-241x130.jpg 241w, http:\/\/www.pasadenahoy.com\/primero\/wp-content\/uploads\/2021\/04\/Covid-Update-1-1-1-700x378-1-333x180.jpg 333w, http:\/\/www.pasadenahoy.com\/primero\/wp-content\/uploads\/2021\/04\/Covid-Update-1-1-1-700x378-1-360x194.jpg 360w\" sizes=\"100vw\" \/><\/figure><\/figure>\n\n\n\n<p>La tasa de residentes de Pasadena mayores de la edad m\u00ednima elegible de 12 que est\u00e1n completamente vacunados contra COVID-19 aument\u00f3 a 85,3% el martes, y otro 8,1% de los habitantes de Pasadena recibieron al menos una dosis, seg\u00fan las \u00faltimas cifras publicadas por el p\u00fablico de Pasadena. Departamento de salud.<\/p>\n\n\n\n<p>Mientras tanto, la ciudad continu\u00f3 experimentando una disminuci\u00f3n gradual de nuevas infecciones, con 14 nuevos casos del virus detectados. No se reportaron v\u00edctimas mortales.<\/p>\n\n\n\n<p>En total, los funcionarios de salud p\u00fablica de Pasadena hab\u00edan documentado 12,737 infecciones por COVID-19 y 354 muertes.<\/p>\n\n\n\n<p>El n\u00famero promedio de infecciones diarias durante la semana anterior se redujo por d\u00e9cimo d\u00eda consecutivo a 19,4, seg\u00fan datos de la ciudad.<\/p>\n\n\n\n<p>En el Hospital Huntington, los funcionarios informaron que trataron a 29 pacientes con COVID-19 el martes, 10 de ellos alojados en unidades de cuidados intensivos.<\/p>\n\n\n\n<p>El Departamento de Salud P\u00fablica del Condado de Los \u00c1ngeles anunci\u00f3 1,938 nuevas infecciones y 33 muertes, elevando los totales del condado a 1,407,317 casos de COVID-19 y 25,284 muertes.<\/p>\n\n\n\n<p>Las autoridades enumeraron a 1.709 pacientes tratados por el virus en hospitales de todo el condado de Los \u00c1ngeles, y el 26% de ellos requirieron ser ingresados \u200b\u200ben UCI.<\/p>\n\n\n\n<p>&#8220;La tasa de positividad de la prueba de hoy es del 2.5%, una disminuci\u00f3n de la tasa del mismo d\u00eda de la semana pasada del 2.8%&#8221;, dijo la agencia en una declaraci\u00f3n escrita. \u201cEsto probablemente refleja los aumentos en las pruebas de detecci\u00f3n de rutina, que ocurren principalmente entre personas asintom\u00e1ticas.<\/p>\n\n\n\n<p>Con la mayor propagaci\u00f3n de la variante Delta, el Director de Salud P\u00fablica del Condado de Los \u00c1ngeles dijo que el enmascaramiento es vital para ayudar a controlar la transmisi\u00f3n.<\/p>\n\n\n\n<p>\u201cDurante las \u00faltimas semanas y meses, a medida que publicamos revisiones y modificaciones a las pautas que afectan tantos aspectos de nuestras vidas, hemos escuchado a personas de toda nuestra comunidad del condado de Los \u00c1ngeles que est\u00e1n frustradas por los cambios en nuestra gu\u00eda y a veces confundidos por recomendaciones que parecen contradecir sus expectativas o interferir con lo que esperaban que fuera un regreso a una forma de vida m\u00e1s normal \u201d, dijo.<\/p>\n\n\n\n<p>\u201cLa realidad es que los cambios recientes que hacemos a nuestra gu\u00eda est\u00e1n todos ligados a la variante Delta, que cambi\u00f3 lo que sabemos sobre COVID-19\u201d, seg\u00fan Ferrer. \u201cY a medida que la ciencia sobre COVID-19 ha cambiado, nos hemos visto obligados a adaptar nuestra gu\u00eda sobre c\u00f3mo nos mantenemos seguros unos a otros. Continuaremos siguiendo la ciencia y los datos en la gu\u00eda que creamos para ayudarnos a mantenernos seguros a nosotros mismos y a nuestros seres queridos, y cuando necesitemos hacer cambios, haremos todo lo posible para explicar por qu\u00e9 &#8220;.<\/p>\n\n\n\n<p>Los funcionarios del Departamento de Salud P\u00fablica de California enumeraron 9.606 nuevas infecciones y 16 muertes en la actualizaci\u00f3n de datos del martes.<\/p>\n\n\n\n<p>En total, el estado hab\u00eda registrado 4.222.663 casos de COVID-19 y 65.287 muertes, seg\u00fan datos del CDPH.<\/p>\n\n\n\n<p>La tasa de positividad semanal en todo el estado se situ\u00f3 en 4.6%.<\/p>\n\n\n\n<p>Hasta el martes, el condado de Los \u00c1ngeles representaba el 33% de las infecciones por COVID-19 de California y el 39% de las muertes del estado.<\/p>\n\n\n\n<p>Relacionado:<\/p>\n\n\n\n<p><a href=\"https:\/\/www.pasadenanow.com\/main\/governor-says-80-of-all-california-residents-have-received-at-least-1-covid-vaccine-dose\/\">El gobernador dice que el 80% de todos los residentes de California han recibido al menos 1 dosis de vacuna COVID<\/a><\/p>\n","protected":false},"excerpt":{"rendered":"<p>La tasa de residentes de Pasadena mayores de la edad m\u00ednima elegible de 12 que est\u00e1n completamente vacunados contra COVID-19 aument\u00f3 a 85,3% el martes, y otro 8,1% de los habitantes de Pasadena recibieron al menos una dosis, seg\u00fan las \u00faltimas cifras publicadas por el p\u00fablico de Pasadena. Departamento de salud. Mientras tanto, la ciudad continu\u00f3 experimentando una disminuci\u00f3n gradual de nuevas infecciones, con 14 nuevos casos del virus detectados. No se reportaron v\u00edctimas mortales. En total, los funcionarios de [&hellip;]<\/p>\n","protected":false},"author":4,"featured_media":7899,"comment_status":"open","ping_status":"closed","sticky":false,"template":"","format":"standard","meta":[],"categories":[4],"tags":[],"acf":[],"_links":{"self":[{"href":"http:\/\/www.pasadenahoy.com\/primero\/wp-json\/wp\/v2\/posts\/10722"}],"collection":[{"href":"http:\/\/www.pasadenahoy.com\/primero\/wp-json\/wp\/v2\/posts"}],"about":[{"href":"http:\/\/www.pasadenahoy.com\/primero\/wp-json\/wp\/v2\/types\/post"}],"author":[{"embeddable":true,"href":"http:\/\/www.pasadenahoy.com\/primero\/wp-json\/wp\/v2\/users\/4"}],"replies":[{"embeddable":true,"href":"http:\/\/www.pasadenahoy.com\/primero\/wp-json\/wp\/v2\/comments?post=10722"}],"version-history":[{"count":2,"href":"http:\/\/www.pasadenahoy.com\/primero\/wp-json\/wp\/v2\/posts\/10722\/revisions"}],"predecessor-version":[{"id":10725,"href":"http:\/\/www.pasadenahoy.com\/primero\/wp-json\/wp\/v2\/posts\/10722\/revisions\/10725"}],"wp:featuredmedia":[{"embeddable":true,"href":"http:\/\/www.pasadenahoy.com\/primero\/wp-json\/wp\/v2\/media\/7899"}],"wp:attachment":[{"href":"http:\/\/www.pasadenahoy.com\/primero\/wp-json\/wp\/v2\/media?parent=10722"}],"wp:term":[{"taxonomy":"category","embeddable":true,"href":"http:\/\/www.pasadenahoy.com\/primero\/wp-json\/wp\/v2\/categories?post=10722"},{"taxonomy":"post_tag","embeddable":true,"href":"http:\/\/www.pasadenahoy.com\/primero\/wp-json\/wp\/v2\/tags?post=10722"}],"curies":[{"name":"wp","href":"https:\/\/api.w.org\/{rel}","templated":true}]}}