{"id":10726,"date":"2021-09-01T16:12:52","date_gmt":"2021-09-01T16:12:52","guid":{"rendered":"http:\/\/www.pasadenahoy.com\/primero\/?p=10726"},"modified":"2021-09-01T16:12:54","modified_gmt":"2021-09-01T16:12:54","slug":"los-supervisores-del-condado-prometen-apoyo-a-los-refugiados-afganos-y-al-personal-militar-que-regresa","status":"publish","type":"post","link":"http:\/\/www.pasadenahoy.com\/primero\/la-comunidad\/los-supervisores-del-condado-prometen-apoyo-a-los-refugiados-afganos-y-al-personal-militar-que-regresa\/","title":{"rendered":"Los supervisores del condado prometen apoyo a los refugiados afganos y al personal militar que regresa"},"content":{"rendered":"\n<figure class=\"wp-block-image alignnone size-large\"><figure class=\"alignnone\"><img loading=\"lazy\" width=\"700\" height=\"378\" src=\"http:\/\/www.pasadenahoy.com\/primero\/wp-content\/uploads\/2021\/09\/pic-4.jpg\" alt=\"\" class=\"wp-image-10727\" srcset=\"http:\/\/www.pasadenahoy.com\/primero\/wp-content\/uploads\/2021\/09\/pic-4.jpg 700w, http:\/\/www.pasadenahoy.com\/primero\/wp-content\/uploads\/2021\/09\/pic-4-300x162.jpg 300w, http:\/\/www.pasadenahoy.com\/primero\/wp-content\/uploads\/2021\/09\/pic-4-241x130.jpg 241w, http:\/\/www.pasadenahoy.com\/primero\/wp-content\/uploads\/2021\/09\/pic-4-333x180.jpg 333w, http:\/\/www.pasadenahoy.com\/primero\/wp-content\/uploads\/2021\/09\/pic-4-360x194.jpg 360w\" sizes=\"100vw\" \/><figcaption><span class=\"caption-text\">Soldados del Ej\u00e9rcito de los Estados Unidos asignados a la 3.a Brigada, 10.a Divisi\u00f3n de Monta\u00f1a escoltan a una familia joven a la terminal para registrarse en el Aeropuerto Internacional Hamid Karzai en Kabul, Afganist\u00e1n, en agosto de 2021 (Departamento de Defensa de los EE. UU.)<\/span><\/figcaption><\/figure><\/figure>\n\n\n\n<p>La Junta de Supervisores del Condado de Los \u00c1ngeles vot\u00f3 el martes para dar la bienvenida y apoyar a los refugiados afganos y al personal militar que regresa con una variedad de servicios, incluidos trabajos y vivienda.<\/p>\n\n\n\n<p>La votaci\u00f3n fue 4-0, con la supervisora \u200b\u200bSheila Kuehl ausente de la reuni\u00f3n del martes.<\/p>\n\n\n\n<p>La supervisora \u200b\u200bHilda Solis recomend\u00f3 que la directora ejecutiva del condado estableciera un grupo de trabajo para refugiados afganos y se coordinara con agencias federales, estatales y no gubernamentales para proporcionar recursos a los ciudadanos afganos que se reasentan en el condado de Los \u00c1ngeles.<\/p>\n\n\n\n<p>La supervisora \u200b\u200bJanice Hahn se\u00f1al\u00f3 que muchos est\u00e1n huyendo porque temen represalias de los talibanes por ayudar al esfuerzo b\u00e9lico estadounidense.<\/p>\n\n\n\n<p>\u201cSiempre hemos sido conocidos en el condado de Los \u00c1ngeles como un lugar para que los inmigrantes de todas las naciones establezcan una nueva vida\u201d, dijo Hahn. &#8220;Les decimos a todos los ciudadanos afganos que vienen aqu\u00ed, son bienvenidos aqu\u00ed, estar\u00e1n a salvo aqu\u00ed y todos trabajaremos juntos para asegurarnos de que su asentamiento sea algo de lo que todos podamos estar orgullosos&#8221;.<\/p>\n\n\n\n<p>El apoyo puede variar desde ayuda en efectivo hasta atenci\u00f3n m\u00e9dica y de salud mental, desarrollo de la fuerza laboral y asistencia legal con inmigraci\u00f3n.<\/p>\n\n\n\n<p>Las empresas privadas tambi\u00e9n est\u00e1n dando un paso al frente para ayudar. La supervisora \u200b\u200bKathryn Barger, coautora de la moci\u00f3n, destac\u00f3 los esfuerzos internacionales de Airbnb para abrir hogares a los afganos y dijo que estaba orgullosa de estar en condiciones de retribuir.<\/p>\n\n\n\n<p>\u201cMe comprometo a ayudar en todo lo que pueda para brindar una ubicaci\u00f3n segura y acogedora para todos, y hogares para aquellos, y trabajos para aquellos que ingresan al condado de Los \u00c1ngeles\u201d, dijo Barger, calificando el trabajo de \u201cvitalmente importante\u201d.<\/p>\n\n\n\n<p>Una vez que el grupo de trabajo para refugiados est\u00e9 en su lugar, la junta planea enviar una carta al secretario de Estado de los Estados Unidos, Antony Blinken, para informarle que el condado de Los \u00c1ngeles est\u00e1 listo para trabajar con el gobierno federal en sus esfuerzos por reasentar a los ciudadanos afganos.<\/p>\n\n\n\n<p>La moci\u00f3n tambi\u00e9n pidi\u00f3 una evaluaci\u00f3n de todos los servicios disponibles para los veteranos militares que regresan.<\/p>\n\n\n\n<p>\u201cTenemos que estar listos para brindar la asistencia que estos miembros del servicio puedan necesitar cuando regresen a casa\u201d, dijo Sol\u00eds, y se\u00f1al\u00f3 que un miembro de su personal con licencia militar a\u00fan no ha regresado a casa desde Afganist\u00e1n.<\/p>\n\n\n\n<p>Al comienzo de la reuni\u00f3n de la junta, a pedido de Sol\u00eds, los supervisores mantuvieron un momento de silencio y luego suspendieron la sesi\u00f3n en memoria de los 13 miembros del servicio y aproximadamente 170 afganos muertos en el atentado suicida en el aeropuerto de Kabul la semana pasada.<\/p>\n\n\n\n<p>Sol\u00eds ley\u00f3 en voz alta los nombres de los militares estadounidenses muertos uno por uno.<\/p>\n\n\n\n<p>\u201cHemos perdido demasiados miembros del servicio del condado de Los \u00c1ngeles\u201d, dijo.<\/p>\n\n\n\n<p>Barger subray\u00f3 la posible necesidad de servicios de salud mental.<\/p>\n\n\n\n<p>\u201cLos miembros del servicio que sacrificaron tanto tambi\u00e9n lo est\u00e1n pasando mal\u201d, dijo. &#8220;Aunque estamos cerrando un cap\u00edtulo, para algunos todav\u00eda est\u00e1 muy abierto, y debemos brindarles un proceso de curaci\u00f3n para avanzar&#8221;.<\/p>\n\n\n\n<p>Se espera recibir un informe en 30 d\u00edas, incluido un plan coordinado para vincular r\u00e1pidamente a refugiados y veteranos con los servicios.<\/p>\n","protected":false},"excerpt":{"rendered":"<p>La Junta de Supervisores del Condado de Los \u00c1ngeles vot\u00f3 el martes para dar la bienvenida y apoyar a los refugiados afganos y al personal militar que regresa con una variedad de servicios, incluidos trabajos y vivienda. La votaci\u00f3n fue 4-0, con la supervisora \u200b\u200bSheila Kuehl ausente de la reuni\u00f3n del martes. La supervisora \u200b\u200bHilda Solis recomend\u00f3 que la directora ejecutiva del condado estableciera un grupo de trabajo para refugiados afganos y se coordinara con agencias federales, estatales y no [&hellip;]<\/p>\n","protected":false},"author":4,"featured_media":0,"comment_status":"open","ping_status":"closed","sticky":false,"template":"","format":"standard","meta":[],"categories":[4],"tags":[],"acf":[],"_links":{"self":[{"href":"http:\/\/www.pasadenahoy.com\/primero\/wp-json\/wp\/v2\/posts\/10726"}],"collection":[{"href":"http:\/\/www.pasadenahoy.com\/primero\/wp-json\/wp\/v2\/posts"}],"about":[{"href":"http:\/\/www.pasadenahoy.com\/primero\/wp-json\/wp\/v2\/types\/post"}],"author":[{"embeddable":true,"href":"http:\/\/www.pasadenahoy.com\/primero\/wp-json\/wp\/v2\/users\/4"}],"replies":[{"embeddable":true,"href":"http:\/\/www.pasadenahoy.com\/primero\/wp-json\/wp\/v2\/comments?post=10726"}],"version-history":[{"count":2,"href":"http:\/\/www.pasadenahoy.com\/primero\/wp-json\/wp\/v2\/posts\/10726\/revisions"}],"predecessor-version":[{"id":10729,"href":"http:\/\/www.pasadenahoy.com\/primero\/wp-json\/wp\/v2\/posts\/10726\/revisions\/10729"}],"wp:attachment":[{"href":"http:\/\/www.pasadenahoy.com\/primero\/wp-json\/wp\/v2\/media?parent=10726"}],"wp:term":[{"taxonomy":"category","embeddable":true,"href":"http:\/\/www.pasadenahoy.com\/primero\/wp-json\/wp\/v2\/categories?post=10726"},{"taxonomy":"post_tag","embeddable":true,"href":"http:\/\/www.pasadenahoy.com\/primero\/wp-json\/wp\/v2\/tags?post=10726"}],"curies":[{"name":"wp","href":"https:\/\/api.w.org\/{rel}","templated":true}]}}