{"id":10730,"date":"2021-09-01T16:17:23","date_gmt":"2021-09-01T16:17:23","guid":{"rendered":"http:\/\/www.pasadenahoy.com\/primero\/?p=10730"},"modified":"2021-09-01T16:17:25","modified_gmt":"2021-09-01T16:17:25","slug":"los-supervisores-aprueban-la-mocion-de-barger-para-mejorar-los-servicios-para-las-victimas-de-delitos","status":"publish","type":"post","link":"http:\/\/www.pasadenahoy.com\/primero\/la-comunidad\/los-supervisores-aprueban-la-mocion-de-barger-para-mejorar-los-servicios-para-las-victimas-de-delitos\/","title":{"rendered":"Los supervisores aprueban la moci\u00f3n de Barger para mejorar los servicios para las v\u00edctimas de delitos"},"content":{"rendered":"\n<figure class=\"wp-block-image alignnone size-large\"><figure class=\"alignnone\"><img loading=\"lazy\" width=\"700\" height=\"378\" src=\"http:\/\/www.pasadenahoy.com\/primero\/wp-content\/uploads\/2021\/09\/pic-5.jpg\" alt=\"\" class=\"wp-image-10731\" srcset=\"http:\/\/www.pasadenahoy.com\/primero\/wp-content\/uploads\/2021\/09\/pic-5.jpg 700w, http:\/\/www.pasadenahoy.com\/primero\/wp-content\/uploads\/2021\/09\/pic-5-300x162.jpg 300w, http:\/\/www.pasadenahoy.com\/primero\/wp-content\/uploads\/2021\/09\/pic-5-241x130.jpg 241w, http:\/\/www.pasadenahoy.com\/primero\/wp-content\/uploads\/2021\/09\/pic-5-333x180.jpg 333w, http:\/\/www.pasadenahoy.com\/primero\/wp-content\/uploads\/2021\/09\/pic-5-360x194.jpg 360w\" sizes=\"100vw\" \/><figcaption><span class=\"caption-text\">Foto cortes\u00eda de la p\u00e1gina de Facebook del condado de Los \u00c1ngeles.<\/span><\/figcaption><\/figure><\/figure>\n\n\n\n<p>La Junta de Supervisores del Condado de Los \u00c1ngeles aprob\u00f3 por unanimidad una moci\u00f3n escrita por la Supervisora \u200b\u200bKathryn Barger que fortalece los servicios y las protecciones brindados a las v\u00edctimas de delitos en el Condado de Los \u00c1ngeles.<\/p>\n\n\n\n<p>&#8220;El condado de Los \u00c1ngeles ha experimentado un aumento del 72 por ciento en los homicidios y un aumento del 11 por ciento en las agresiones agravadas, incluida la agresi\u00f3n sexual agravada&#8221;, dijo Barger. &#8220;Ahora, m\u00e1s que nunca, debemos dedicar recursos para brindar una curaci\u00f3n integral y hol\u00edstica restaurando y mejorando los programas de servicios para v\u00edctimas del condado&#8221;.<\/p>\n\n\n\n<p>La moci\u00f3n mejorar\u00e1 esos servicios al llenar los puestos vacantes en la Oficina de Servicios para V\u00edctimas y evaluar las estrategias de reclutamiento y retenci\u00f3n.<\/p>\n\n\n\n<p>Adem\u00e1s, la moci\u00f3n solicita que la oficina del director ejecutivo trabaje con la Oficina del Fiscal de Distrito y el Departamento de Libertad Condicional para cubrir los puestos vacantes dentro de la oficina y para estudiar los requisitos para servir como representante de servicios a las v\u00edctimas para garantizar las calificaciones adecuadas para el personal que brinda servicios de trauma. -Atenci\u00f3n informada.<\/p>\n\n\n\n<p>Adem\u00e1s, la moci\u00f3n ampliar\u00e1 los gastos para el fondo de restituci\u00f3n de v\u00edctimas no reclamadas y transferir\u00e1 fondos de restituci\u00f3n no reclamados elegibles del Departamento de Libertad Condicional al fiscal de distrito.<\/p>\n\n\n\n<p>La moci\u00f3n asegurar\u00e1 que las pol\u00edticas recientemente implementadas resulten en el uso de fondos de restituci\u00f3n de v\u00edctimas no reclamados por \u00fanica vez para cubrir los gastos de las v\u00edctimas y sus familiares m\u00e1s cercanos para funeral y entierro, reubicaci\u00f3n, alimentos, costos de necesidades y gastos de seguridad.<\/p>\n\n\n\n<p>Adem\u00e1s, la moci\u00f3n solicita al director ejecutivo del condado que presente una solicitud durante el presupuesto del a\u00f1o fiscal 2022-23 para ampliar los fondos para los programas de servicios a las v\u00edctimas, incluida la asistencia para la recaudaci\u00f3n de restituciones. La moci\u00f3n tambi\u00e9n evaluar\u00e1 el Proyecto de Ley 109 de la Asamblea como una fuente de financiamiento para los servicios a las v\u00edctimas, explorar\u00e1 oportunidades de subvenciones adicionales y fomentar\u00e1 la colaboraci\u00f3n con otros departamentos del condado para aprovechar los recursos existentes.<\/p>\n\n\n\n<p>Finalmente, la moci\u00f3n solicita a la Oficina de Servicios a las V\u00edctimas del Fiscal de Distrito que reanude e institucionalice las reuniones peri\u00f3dicas con los departamentos pertinentes para garantizar la colaboraci\u00f3n y asociaci\u00f3n para ampliar y fortalecer los servicios de apoyo a las v\u00edctimas.<\/p>\n\n\n\n<p>El condado y la Oficina del Fiscal de Distrito adoptar\u00e1n una serie de recomendaciones incluidas en un informe del 25 de junio de 2021 de la oficina del director ejecutivo titulado &#8220;Protecci\u00f3n de los derechos de las v\u00edctimas y fortalecimiento de los servicios para las v\u00edctimas&#8221;.<\/p>\n","protected":false},"excerpt":{"rendered":"<p>La Junta de Supervisores del Condado de Los \u00c1ngeles aprob\u00f3 por unanimidad una moci\u00f3n escrita por la Supervisora \u200b\u200bKathryn Barger que fortalece los servicios y las protecciones brindados a las v\u00edctimas de delitos en el Condado de Los \u00c1ngeles. &#8220;El condado de Los \u00c1ngeles ha experimentado un aumento del 72 por ciento en los homicidios y un aumento del 11 por ciento en las agresiones agravadas, incluida la agresi\u00f3n sexual agravada&#8221;, dijo Barger. &#8220;Ahora, m\u00e1s que nunca, debemos dedicar recursos [&hellip;]<\/p>\n","protected":false},"author":4,"featured_media":0,"comment_status":"open","ping_status":"closed","sticky":false,"template":"","format":"standard","meta":[],"categories":[4],"tags":[],"acf":[],"_links":{"self":[{"href":"http:\/\/www.pasadenahoy.com\/primero\/wp-json\/wp\/v2\/posts\/10730"}],"collection":[{"href":"http:\/\/www.pasadenahoy.com\/primero\/wp-json\/wp\/v2\/posts"}],"about":[{"href":"http:\/\/www.pasadenahoy.com\/primero\/wp-json\/wp\/v2\/types\/post"}],"author":[{"embeddable":true,"href":"http:\/\/www.pasadenahoy.com\/primero\/wp-json\/wp\/v2\/users\/4"}],"replies":[{"embeddable":true,"href":"http:\/\/www.pasadenahoy.com\/primero\/wp-json\/wp\/v2\/comments?post=10730"}],"version-history":[{"count":2,"href":"http:\/\/www.pasadenahoy.com\/primero\/wp-json\/wp\/v2\/posts\/10730\/revisions"}],"predecessor-version":[{"id":10733,"href":"http:\/\/www.pasadenahoy.com\/primero\/wp-json\/wp\/v2\/posts\/10730\/revisions\/10733"}],"wp:attachment":[{"href":"http:\/\/www.pasadenahoy.com\/primero\/wp-json\/wp\/v2\/media?parent=10730"}],"wp:term":[{"taxonomy":"category","embeddable":true,"href":"http:\/\/www.pasadenahoy.com\/primero\/wp-json\/wp\/v2\/categories?post=10730"},{"taxonomy":"post_tag","embeddable":true,"href":"http:\/\/www.pasadenahoy.com\/primero\/wp-json\/wp\/v2\/tags?post=10730"}],"curies":[{"name":"wp","href":"https:\/\/api.w.org\/{rel}","templated":true}]}}