{"id":10742,"date":"2021-09-02T15:50:07","date_gmt":"2021-09-02T15:50:07","guid":{"rendered":"http:\/\/www.pasadenahoy.com\/primero\/?p=10742"},"modified":"2021-09-02T15:50:10","modified_gmt":"2021-09-02T15:50:10","slug":"la-ley-george-floyd-de-holden-aprueba-la-legislatura","status":"publish","type":"post","link":"http:\/\/www.pasadenahoy.com\/primero\/la-comunidad\/la-ley-george-floyd-de-holden-aprueba-la-legislatura\/","title":{"rendered":"La &#8220;Ley George Floyd&#8221; de Holden aprueba la legislatura"},"content":{"rendered":"\n<figure class=\"wp-block-image alignnone size-large\"><figure class=\"alignnone\"><img loading=\"lazy\" width=\"700\" height=\"378\" src=\"http:\/\/www.pasadenahoy.com\/primero\/wp-content\/uploads\/2021\/09\/pic-1.jpg\" alt=\"\" class=\"wp-image-10743\" srcset=\"http:\/\/www.pasadenahoy.com\/primero\/wp-content\/uploads\/2021\/09\/pic-1.jpg 700w, http:\/\/www.pasadenahoy.com\/primero\/wp-content\/uploads\/2021\/09\/pic-1-300x162.jpg 300w, http:\/\/www.pasadenahoy.com\/primero\/wp-content\/uploads\/2021\/09\/pic-1-241x130.jpg 241w, http:\/\/www.pasadenahoy.com\/primero\/wp-content\/uploads\/2021\/09\/pic-1-333x180.jpg 333w, http:\/\/www.pasadenahoy.com\/primero\/wp-content\/uploads\/2021\/09\/pic-1-360x194.jpg 360w\" sizes=\"100vw\" \/><\/figure><\/figure>\n\n\n\n<p>La legislaci\u00f3n de reforma policial del asamble\u00edsta Chris Holden, el Proyecto de Ley 26 de la Asamblea, super\u00f3 su \u00faltimo obst\u00e1culo en la Legislatura y se dirige al escritorio del gobernador Gavin Newsom.<\/p>\n\n\n\n<p>AB 26 establece pautas claras para la responsabilidad policial y la rendici\u00f3n de cuentas cuando se presencia un uso excesivo de la fuerza por parte de otro miembro de las fuerzas del orden.<\/p>\n\n\n\n<p>\u201cLa votaci\u00f3n de hoy es un gran paso adelante para la responsabilidad policial y la rendici\u00f3n de cuentas\u201d, dijo Holden, un dem\u00f3crata que representa a Pasadena. Holden se desempe\u00f1\u00f3 anteriormente como miembro del Concejo Municipal de Pasadena y como alcalde.<\/p>\n\n\n\n<p>\u201cInstituir estos valores fundamentales es primordial para generar la confianza p\u00fablica que se ha erosionado entre las fuerzas del orden y las comunidades en todo California\u201d, dijo Holden.<\/p>\n\n\n\n<p>Newsom tiene hasta el 10 de octubre para convertir el proyecto de ley en ley.<\/p>\n\n\n\n<p>Floyd fue asesinado por el ex oficial de polic\u00eda de Minneapolis condenado Derek Chauvin el 25 de mayo de 2020. Chauvin coloc\u00f3 su rodilla en el cuello del Floyd esposado durante m\u00e1s de nueve minutos durante el encuentro.<\/p>\n\n\n\n<p>Los espectadores le suplicaron a Chauvin que se detuviera, pero el oficial deshonrado ignor\u00f3 a esas personas y continu\u00f3 presionando su rodilla en la parte posterior del cuello de Floyd, quien le dijo a Chauvin y a otros oficiales: &#8220;No puedo respirar&#8221;.<\/p>\n\n\n\n<p>El asesinato de Floyd desat\u00f3 una serie de protestas en ciudades de todo el pa\u00eds, incluida Pasadena. El incidente llev\u00f3 al Ayuntamiento de Pasadena a crear una comisi\u00f3n de supervisi\u00f3n policial.<\/p>\n\n\n\n<p>Chauvin fue declarado culpable de asesinar a Floyd y el 25 de junio fue sentenciado a cumplir 22,5 a\u00f1os de prisi\u00f3n.<\/p>\n\n\n\n<p>La ley de California requiere que los oficiales de polic\u00eda intercedan cuando observan que otro oficial usa fuerza m\u00e1s all\u00e1 de lo necesario, pero no se utilizan medidas universales para determinar que un oficial ha intercedido de hecho.<\/p>\n\n\n\n<p>En el caso de Floyd, un abogado de uno de los oficiales subalternos acusados \u200b\u200bargument\u00f3 que hubo intervenci\u00f3n porque el oficial subalterno le pregunt\u00f3 al oficial supervisor si deber\u00edan poner a Floyd de su lado.<\/p>\n\n\n\n<p>Si AB 26 se convierte en ley, se requerir\u00e1 que los oficiales de polic\u00eda intercedan cuando sean testigos del uso excesivo de la fuerza y \u200b\u200bdenuncien el incidente inmediatamente a un despachador o al comandante de guardia.<\/p>\n\n\n\n<p>Los derechos del debido proceso de un oficial estar\u00e1n protegidos ya que la agencia empleadora revisar\u00eda cualquier evidencia y determinar\u00eda si el oficial infractor cumpli\u00f3 con el est\u00e1ndar de intervenci\u00f3n. Se prohibir\u00edan las represalias contra los agentes que informan a un supervisor sobre violaciones de la ley o de los reglamentos de otro agente.<\/p>\n\n\n\n<p>El a\u00f1o pasado, los asesores policiales de Newsom publicaron sus recomendaciones, que inclu\u00edan una legislaci\u00f3n para &#8220;Exigir a los agentes que intervengan para evitar o impedir que otros agentes ejerzan fuerza excesiva, arrestos falsos u otras conductas inapropiadas&#8221;.<\/p>\n\n\n\n<p>\u201cNos indignamos cuando vimos el asesinato de George Floyd a manos de un oficial de polic\u00eda de Minneapolis desde la rodilla hasta el cuello\u201d, dijo Holden. \u201cIgualmente preocupante fue la falta de intervenci\u00f3n de los polic\u00edas que presenciaron un claro uso de fuerza excesiva. Esta falta de acci\u00f3n es exactamente lo que aborda mi proyecto de ley, y espero que el gobernador Newsom lo firme &#8220;.<\/p>\n","protected":false},"excerpt":{"rendered":"<p>La legislaci\u00f3n de reforma policial del asamble\u00edsta Chris Holden, el Proyecto de Ley 26 de la Asamblea, super\u00f3 su \u00faltimo obst\u00e1culo en la Legislatura y se dirige al escritorio del gobernador Gavin Newsom. AB 26 establece pautas claras para la responsabilidad policial y la rendici\u00f3n de cuentas cuando se presencia un uso excesivo de la fuerza por parte de otro miembro de las fuerzas del orden. \u201cLa votaci\u00f3n de hoy es un gran paso adelante para la responsabilidad policial y [&hellip;]<\/p>\n","protected":false},"author":4,"featured_media":10743,"comment_status":"open","ping_status":"closed","sticky":false,"template":"","format":"standard","meta":[],"categories":[4],"tags":[],"acf":[],"_links":{"self":[{"href":"http:\/\/www.pasadenahoy.com\/primero\/wp-json\/wp\/v2\/posts\/10742"}],"collection":[{"href":"http:\/\/www.pasadenahoy.com\/primero\/wp-json\/wp\/v2\/posts"}],"about":[{"href":"http:\/\/www.pasadenahoy.com\/primero\/wp-json\/wp\/v2\/types\/post"}],"author":[{"embeddable":true,"href":"http:\/\/www.pasadenahoy.com\/primero\/wp-json\/wp\/v2\/users\/4"}],"replies":[{"embeddable":true,"href":"http:\/\/www.pasadenahoy.com\/primero\/wp-json\/wp\/v2\/comments?post=10742"}],"version-history":[{"count":2,"href":"http:\/\/www.pasadenahoy.com\/primero\/wp-json\/wp\/v2\/posts\/10742\/revisions"}],"predecessor-version":[{"id":10745,"href":"http:\/\/www.pasadenahoy.com\/primero\/wp-json\/wp\/v2\/posts\/10742\/revisions\/10745"}],"wp:featuredmedia":[{"embeddable":true,"href":"http:\/\/www.pasadenahoy.com\/primero\/wp-json\/wp\/v2\/media\/10743"}],"wp:attachment":[{"href":"http:\/\/www.pasadenahoy.com\/primero\/wp-json\/wp\/v2\/media?parent=10742"}],"wp:term":[{"taxonomy":"category","embeddable":true,"href":"http:\/\/www.pasadenahoy.com\/primero\/wp-json\/wp\/v2\/categories?post=10742"},{"taxonomy":"post_tag","embeddable":true,"href":"http:\/\/www.pasadenahoy.com\/primero\/wp-json\/wp\/v2\/tags?post=10742"}],"curies":[{"name":"wp","href":"https:\/\/api.w.org\/{rel}","templated":true}]}}