{"id":10751,"date":"2021-09-02T16:02:02","date_gmt":"2021-09-02T16:02:02","guid":{"rendered":"http:\/\/www.pasadenahoy.com\/primero\/?p=10751"},"modified":"2021-09-02T16:02:04","modified_gmt":"2021-09-02T16:02:04","slug":"las-infecciones-por-covid-19-en-pasadena-aumentan-el-miercoles","status":"publish","type":"post","link":"http:\/\/www.pasadenahoy.com\/primero\/la-comunidad\/las-infecciones-por-covid-19-en-pasadena-aumentan-el-miercoles\/","title":{"rendered":"Las infecciones por COVID-19 en Pasadena aumentan el mi\u00e9rcoles"},"content":{"rendered":"\n<figure class=\"wp-block-image alignnone size-large\"><figure class=\"alignnone\"><img loading=\"lazy\" width=\"700\" height=\"378\" src=\"http:\/\/www.pasadenahoy.com\/primero\/wp-content\/uploads\/2021\/04\/Covid-Update-1-1-1-700x378-1.jpg\" alt=\"\" class=\"wp-image-7899\" srcset=\"http:\/\/www.pasadenahoy.com\/primero\/wp-content\/uploads\/2021\/04\/Covid-Update-1-1-1-700x378-1.jpg 700w, http:\/\/www.pasadenahoy.com\/primero\/wp-content\/uploads\/2021\/04\/Covid-Update-1-1-1-700x378-1-300x162.jpg 300w, http:\/\/www.pasadenahoy.com\/primero\/wp-content\/uploads\/2021\/04\/Covid-Update-1-1-1-700x378-1-241x130.jpg 241w, http:\/\/www.pasadenahoy.com\/primero\/wp-content\/uploads\/2021\/04\/Covid-Update-1-1-1-700x378-1-333x180.jpg 333w, http:\/\/www.pasadenahoy.com\/primero\/wp-content\/uploads\/2021\/04\/Covid-Update-1-1-1-700x378-1-360x194.jpg 360w\" sizes=\"100vw\" \/><\/figure><\/figure>\n\n\n\n<p>El Departamento de Salud P\u00fablica de Pasadena registr\u00f3 35 nuevas infecciones por COVID-19 y ninguna muerte adicional el mi\u00e9rcoles.<\/p>\n\n\n\n<p>El recuento de casos del mi\u00e9rcoles fue m\u00e1s del doble que el del martes, cuando se informaron 14 infecciones.<\/p>\n\n\n\n<p>El n\u00famero promedio de infecciones diarias durante la semana anterior en Pasadena aument\u00f3 por primera vez en diez d\u00edas, avanzando hasta 21,3, seg\u00fan datos de la ciudad.<\/p>\n\n\n\n<p>El Distrito Escolar Unificado de Pasadena inform\u00f3 que se detectaron 14 nuevas infecciones entre los estudiantes y una entre el personal entre el lunes y el viernes.<\/p>\n\n\n\n<p>Las nuevas cifras elevaron el total de la pandemia de la ciudad a 12.772 casos confirmados de COVID-19, mientras que el n\u00famero local de muertos se mantuvo estable en 354.<\/p>\n\n\n\n<p>Los funcionarios del Departamento de Salud P\u00fablica del condado de Los \u00c1ngeles informaron 2,277 nuevas infecciones y 28 muertes el mi\u00e9rcoles, lo que elev\u00f3 el total de pandemias del condado a 1,409,545 casos de COVID-19 y 25,322 muertes.<\/p>\n\n\n\n<p>Las autoridades expresaron su preocupaci\u00f3n por una tendencia reciente de aumento de la transmisi\u00f3n entre los ni\u00f1os menores de 11 a\u00f1os, que a\u00fan no son elegibles para ninguna de las formulaciones de vacunas actuales.<\/p>\n\n\n\n<p>&#8220;Entre el 14 de agosto y el 21 de agosto, la tasa de casos aument\u00f3 un 50% entre los ni\u00f1os de 5 a 11 a\u00f1os, mientras que la tasa aument\u00f3 un 13% en los ni\u00f1os de 0 a 4 a\u00f1os y un 24% en los ni\u00f1os de 12 a 17 a\u00f1os&#8221;, dijo el condado de Los \u00c1ngeles. Dijo el Departamento de Salud P\u00fablica en una declaraci\u00f3n escrita. &#8220;Durante la \u00faltima semana, a medida que la tasa de casos se redujo entre un 2% y un 4% en los grupos de mayor y menor edad, la tasa sigui\u00f3 aumentando un 9% entre los ni\u00f1os de 5 a 11 a\u00f1os&#8221;.<\/p>\n\n\n\n<p>En todo el condado, se documentaron 5,207 infecciones de estudiantes y 729 infecciones del personal entre el 15 de agosto y el mi\u00e9rcoles, \u201cy la gran mayor\u00eda ocurri\u00f3 en el LAUSD, que examina a todos semanalmente\u201d, dice el comunicado.<\/p>\n\n\n\n<p>El Director de Salud P\u00fablica del Condado de Los \u00c1ngeles dijo que se deben tomar medidas tanto en la escuela como fuera del campus para ayudar a detener la transmisi\u00f3n entre los ni\u00f1os.<\/p>\n","protected":false},"excerpt":{"rendered":"<p>El Departamento de Salud P\u00fablica de Pasadena registr\u00f3 35 nuevas infecciones por COVID-19 y ninguna muerte adicional el mi\u00e9rcoles. El recuento de casos del mi\u00e9rcoles fue m\u00e1s del doble que el del martes, cuando se informaron 14 infecciones. El n\u00famero promedio de infecciones diarias durante la semana anterior en Pasadena aument\u00f3 por primera vez en diez d\u00edas, avanzando hasta 21,3, seg\u00fan datos de la ciudad. El Distrito Escolar Unificado de Pasadena inform\u00f3 que se detectaron 14 nuevas infecciones entre los [&hellip;]<\/p>\n","protected":false},"author":4,"featured_media":7899,"comment_status":"open","ping_status":"closed","sticky":false,"template":"","format":"standard","meta":[],"categories":[4],"tags":[],"acf":[],"_links":{"self":[{"href":"http:\/\/www.pasadenahoy.com\/primero\/wp-json\/wp\/v2\/posts\/10751"}],"collection":[{"href":"http:\/\/www.pasadenahoy.com\/primero\/wp-json\/wp\/v2\/posts"}],"about":[{"href":"http:\/\/www.pasadenahoy.com\/primero\/wp-json\/wp\/v2\/types\/post"}],"author":[{"embeddable":true,"href":"http:\/\/www.pasadenahoy.com\/primero\/wp-json\/wp\/v2\/users\/4"}],"replies":[{"embeddable":true,"href":"http:\/\/www.pasadenahoy.com\/primero\/wp-json\/wp\/v2\/comments?post=10751"}],"version-history":[{"count":2,"href":"http:\/\/www.pasadenahoy.com\/primero\/wp-json\/wp\/v2\/posts\/10751\/revisions"}],"predecessor-version":[{"id":10753,"href":"http:\/\/www.pasadenahoy.com\/primero\/wp-json\/wp\/v2\/posts\/10751\/revisions\/10753"}],"wp:featuredmedia":[{"embeddable":true,"href":"http:\/\/www.pasadenahoy.com\/primero\/wp-json\/wp\/v2\/media\/7899"}],"wp:attachment":[{"href":"http:\/\/www.pasadenahoy.com\/primero\/wp-json\/wp\/v2\/media?parent=10751"}],"wp:term":[{"taxonomy":"category","embeddable":true,"href":"http:\/\/www.pasadenahoy.com\/primero\/wp-json\/wp\/v2\/categories?post=10751"},{"taxonomy":"post_tag","embeddable":true,"href":"http:\/\/www.pasadenahoy.com\/primero\/wp-json\/wp\/v2\/tags?post=10751"}],"curies":[{"name":"wp","href":"https:\/\/api.w.org\/{rel}","templated":true}]}}