{"id":10754,"date":"2021-09-02T16:09:40","date_gmt":"2021-09-02T16:09:40","guid":{"rendered":"http:\/\/www.pasadenahoy.com\/primero\/?p=10754"},"modified":"2021-09-02T16:09:42","modified_gmt":"2021-09-02T16:09:42","slug":"los-residentes-locales-aun-pueden-solicitar-asistencia-adicional-para-el-alquiler","status":"publish","type":"post","link":"http:\/\/www.pasadenahoy.com\/primero\/la-comunidad\/los-residentes-locales-aun-pueden-solicitar-asistencia-adicional-para-el-alquiler\/","title":{"rendered":"Los residentes locales a\u00fan pueden solicitar asistencia adicional para el alquiler"},"content":{"rendered":"\n<figure class=\"wp-block-image alignnone size-large\"><figure class=\"alignnone\"><img loading=\"lazy\" width=\"700\" height=\"378\" src=\"http:\/\/www.pasadenahoy.com\/primero\/wp-content\/uploads\/2021\/09\/pic-4-1.jpg\" alt=\"\" class=\"wp-image-10755\" srcset=\"http:\/\/www.pasadenahoy.com\/primero\/wp-content\/uploads\/2021\/09\/pic-4-1.jpg 700w, http:\/\/www.pasadenahoy.com\/primero\/wp-content\/uploads\/2021\/09\/pic-4-1-300x162.jpg 300w, http:\/\/www.pasadenahoy.com\/primero\/wp-content\/uploads\/2021\/09\/pic-4-1-241x130.jpg 241w, http:\/\/www.pasadenahoy.com\/primero\/wp-content\/uploads\/2021\/09\/pic-4-1-333x180.jpg 333w, http:\/\/www.pasadenahoy.com\/primero\/wp-content\/uploads\/2021\/09\/pic-4-1-360x194.jpg 360w\" sizes=\"100vw\" \/><\/figure><\/figure>\n\n\n\n<p>A partir de hoy, los inquilinos y propietarios de Pasadena pueden solicitar asistencia adicional para el alquiler a trav\u00e9s de un programa estatal que, seg\u00fan los funcionarios de la ciudad, permitir\u00e1 que los cheques lleguen a los solicitantes calificados m\u00e1s r\u00e1pido.<\/p>\n\n\n\n<p>Aquellos que califiquen pueden presentar su solicitud en HousingIsKey.com o llamando al (833) 687-0967. Las personas que ya solicitaron el programa ser\u00e1n contactadas con instrucciones para los pr\u00f3ximos pasos. El per\u00edodo de solicitud se abri\u00f3 a las 7 a.m.<\/p>\n\n\n\n<p>Aunque la moratoria de alquiler de Pasadena contin\u00faa, el programa no incluye la condonaci\u00f3n de alquiler y los inquilinos tendr\u00e1n hasta seis para devolver ese dinero.<\/p>\n\n\n\n<p>El programa puede cubrir el alquiler impago de los inquilinos que se remonta al 1 de abril de 2020, as\u00ed como los pagos futuros. El programa tambi\u00e9n tiene fondos disponibles para pagos de servicios p\u00fablicos adeudados y puede cubrir el 100% de los pagos adeudados por un total de 12 meses, incluidos los meses que se remontan al 1 de abril de 2020.<\/p>\n\n\n\n<p>Los inquilinos elegibles por ingresos est\u00e1n calificados independientemente de su estado migratorio si han sido afectados por COVID-19 y tienen alquiler impago. El estado determinar\u00e1 si el solicitante es elegible despu\u00e9s de que presente la solicitud.<\/p>\n\n\n\n<p>California ha comprometido $ 5.2 mil millones en fondos de ayuda de alquiler para los residentes de California.<\/p>\n\n\n\n<p>\u201cHemos pagado casi $ 426 millones en todo el estado. Estos pagos est\u00e1n aumentando; hace solo unas semanas, est\u00e1bamos pagando alrededor de $ 20 millones a la semana. Estamos hasta $ 50 millones por semana y sabemos que con esta asociaci\u00f3n habr\u00e1 una aceleraci\u00f3n incre\u00edble en el n\u00famero no solo de solicitantes de la ciudad, sino tambi\u00e9n de pagos \u201d, dijo Gustavo Vel\u00e1squez, director del Departamento de Vivienda del estado y Desarrollo comunitario y administrador del Programa estatal de alivio de alquileres COVID-19.<\/p>\n","protected":false},"excerpt":{"rendered":"<p>A partir de hoy, los inquilinos y propietarios de Pasadena pueden solicitar asistencia adicional para el alquiler a trav\u00e9s de un programa estatal que, seg\u00fan los funcionarios de la ciudad, permitir\u00e1 que los cheques lleguen a los solicitantes calificados m\u00e1s r\u00e1pido. Aquellos que califiquen pueden presentar su solicitud en HousingIsKey.com o llamando al (833) 687-0967. Las personas que ya solicitaron el programa ser\u00e1n contactadas con instrucciones para los pr\u00f3ximos pasos. El per\u00edodo de solicitud se abri\u00f3 a las 7 a.m. [&hellip;]<\/p>\n","protected":false},"author":4,"featured_media":0,"comment_status":"open","ping_status":"closed","sticky":false,"template":"","format":"standard","meta":[],"categories":[4],"tags":[],"acf":[],"_links":{"self":[{"href":"http:\/\/www.pasadenahoy.com\/primero\/wp-json\/wp\/v2\/posts\/10754"}],"collection":[{"href":"http:\/\/www.pasadenahoy.com\/primero\/wp-json\/wp\/v2\/posts"}],"about":[{"href":"http:\/\/www.pasadenahoy.com\/primero\/wp-json\/wp\/v2\/types\/post"}],"author":[{"embeddable":true,"href":"http:\/\/www.pasadenahoy.com\/primero\/wp-json\/wp\/v2\/users\/4"}],"replies":[{"embeddable":true,"href":"http:\/\/www.pasadenahoy.com\/primero\/wp-json\/wp\/v2\/comments?post=10754"}],"version-history":[{"count":2,"href":"http:\/\/www.pasadenahoy.com\/primero\/wp-json\/wp\/v2\/posts\/10754\/revisions"}],"predecessor-version":[{"id":10757,"href":"http:\/\/www.pasadenahoy.com\/primero\/wp-json\/wp\/v2\/posts\/10754\/revisions\/10757"}],"wp:attachment":[{"href":"http:\/\/www.pasadenahoy.com\/primero\/wp-json\/wp\/v2\/media?parent=10754"}],"wp:term":[{"taxonomy":"category","embeddable":true,"href":"http:\/\/www.pasadenahoy.com\/primero\/wp-json\/wp\/v2\/categories?post=10754"},{"taxonomy":"post_tag","embeddable":true,"href":"http:\/\/www.pasadenahoy.com\/primero\/wp-json\/wp\/v2\/tags?post=10754"}],"curies":[{"name":"wp","href":"https:\/\/api.w.org\/{rel}","templated":true}]}}