{"id":10781,"date":"2021-09-03T15:59:44","date_gmt":"2021-09-03T15:59:44","guid":{"rendered":"http:\/\/www.pasadenahoy.com\/primero\/?p=10781"},"modified":"2021-09-03T15:59:46","modified_gmt":"2021-09-03T15:59:46","slug":"la-legislacion-podria-permitir-que-las-reuniones-del-gobierno-de-la-ciudad-continuen-de-forma-remota-durante-una-emergencia-estatal","status":"publish","type":"post","link":"http:\/\/www.pasadenahoy.com\/primero\/el-gobierno-local\/la-legislacion-podria-permitir-que-las-reuniones-del-gobierno-de-la-ciudad-continuen-de-forma-remota-durante-una-emergencia-estatal\/","title":{"rendered":"La legislaci\u00f3n podr\u00eda permitir que las reuniones del gobierno de la ciudad contin\u00faen de forma remota durante una emergencia estatal"},"content":{"rendered":"\n<figure class=\"wp-block-image alignnone size-large\"><figure class=\"alignnone\"><img loading=\"lazy\" width=\"700\" height=\"378\" src=\"http:\/\/www.pasadenahoy.com\/primero\/wp-content\/uploads\/2021\/09\/pic-1-1.jpg\" alt=\"\" class=\"wp-image-10782\" srcset=\"http:\/\/www.pasadenahoy.com\/primero\/wp-content\/uploads\/2021\/09\/pic-1-1.jpg 700w, http:\/\/www.pasadenahoy.com\/primero\/wp-content\/uploads\/2021\/09\/pic-1-1-300x162.jpg 300w, http:\/\/www.pasadenahoy.com\/primero\/wp-content\/uploads\/2021\/09\/pic-1-1-241x130.jpg 241w, http:\/\/www.pasadenahoy.com\/primero\/wp-content\/uploads\/2021\/09\/pic-1-1-333x180.jpg 333w, http:\/\/www.pasadenahoy.com\/primero\/wp-content\/uploads\/2021\/09\/pic-1-1-360x194.jpg 360w\" sizes=\"100vw\" \/><\/figure><\/figure>\n\n\n\n<p>Una orden ejecutiva del gobernador Gavin Newsom podr\u00eda restaurar la ley de reuniones abiertas del estado y obligar a las ciudades a volver al cumplimiento total de la ley de reuniones abiertas del estado el 1 de octubre, a menos que la legislaci\u00f3n pendiente se modifique y apruebe antes de esa fecha.<\/p>\n\n\n\n<p>El Proyecto de Ley 391 de la Asamblea permitir\u00eda que las agencias p\u00fablicas se re\u00fanan de manera remota, como lo hacen ahora bajo las \u00f3rdenes ejecutivas del gobernador relacionadas con COVID-19.<\/p>\n\n\n\n<p>El proyecto de ley permitir\u00eda a las agencias electas como el Ayuntamiento de Pasadena continuar reuni\u00e9ndose de forma remota mientras contin\u00fae la orden de emergencia del estado.<\/p>\n\n\n\n<p>Actualmente, la legislaci\u00f3n entrar\u00eda en vigor el 1 de enero, lo que significa que durante cuatro meses los funcionarios de la ciudad se ver\u00edan obligados a celebrar reuniones frente a multitudes, incluso si la propagaci\u00f3n del virus contin\u00faa empeorando.<\/p>\n\n\n\n<p>Un portavoz de la ciudad dijo que la legislaci\u00f3n podr\u00eda cambiar antes de esa fecha.<\/p>\n\n\n\n<p>\u201cLa brecha entre la expiraci\u00f3n de la EO (orden ejecutiva) y la ley AB 361 ha dejado a los gobiernos locales pregunt\u00e1ndose qu\u00e9 hacer este oto\u00f1o si los casos de COVID-19 contin\u00faan aumentando\u201d, dijo la portavoz de la ciudad Lisa Derderian. \u201cEntendemos que el asamble\u00edsta Rivas enmendar\u00e1 su proyecto de ley en el Senado (donde est\u00e1 actualmente) para agregar una cl\u00e1usula de urgencia, lo que significa que el proyecto de ley entrar\u00e1 en vigencia tan pronto como se firme, que deber\u00eda permitir una transici\u00f3n sin problemas de la EO al nuevo estatuto &#8220;.<\/p>\n\n\n\n<p>Los miembros del Concejo Municipal de Pasadena se han estado reuniendo en las c\u00e1maras del Concejo desde julio.<\/p>\n\n\n\n<p>Actualmente, los miembros del consejo no vacunados deben usar una m\u00e1scara si asisten a una reuni\u00f3n en persona. Los miembros del consejo vacunados tienen la opci\u00f3n de usar una m\u00e1scara para una protecci\u00f3n adicional.<\/p>\n\n\n\n<p>En este momento, solo los miembros del Concejo Municipal y el personal de la ciudad pueden ingresar a las c\u00e1maras del Concejo durante las reuniones.<\/p>\n\n\n\n<p>La \u00faltima vez que los miembros del consejo pudieron ingresar a las c\u00e1maras fue el 15 de marzo de 2020. En esa reuni\u00f3n, solo dos miembros del consejo aparecieron en las c\u00e1maras del consejo. A los miembros del p\u00fablico se les permiti\u00f3 ingresar a las c\u00e1maras del consejo que ten\u00edan un amplio suministro de desinfectante para manos y sillas colocadas a seis pies de distancia.<\/p>\n\n\n\n<p>El sargento de armas us\u00f3 una mascarilla durante esas 2 p.m. cita.<\/p>\n\n\n\n<p>Varios d\u00edas despu\u00e9s, la ciudad qued\u00f3 bloqueada bajo las \u00f3rdenes de emergencia de la ciudad y el estado que modificaban la Ley Brown, la ley de reuniones abiertas del estado.<\/p>\n\n\n\n<p>Aunque las reuniones del consejo continuaron a trav\u00e9s de Zoom, las reuniones del comit\u00e9 y la comisi\u00f3n se cerraron durante varios meses.<\/p>\n","protected":false},"excerpt":{"rendered":"<p>Una orden ejecutiva del gobernador Gavin Newsom podr\u00eda restaurar la ley de reuniones abiertas del estado y obligar a las ciudades a volver al cumplimiento total de la ley de reuniones abiertas del estado el 1 de octubre, a menos que la legislaci\u00f3n pendiente se modifique y apruebe antes de esa fecha. El Proyecto de Ley 391 de la Asamblea permitir\u00eda que las agencias p\u00fablicas se re\u00fanan de manera remota, como lo hacen ahora bajo las \u00f3rdenes ejecutivas del gobernador [&hellip;]<\/p>\n","protected":false},"author":4,"featured_media":10782,"comment_status":"open","ping_status":"closed","sticky":false,"template":"","format":"standard","meta":[],"categories":[6],"tags":[],"acf":[],"_links":{"self":[{"href":"http:\/\/www.pasadenahoy.com\/primero\/wp-json\/wp\/v2\/posts\/10781"}],"collection":[{"href":"http:\/\/www.pasadenahoy.com\/primero\/wp-json\/wp\/v2\/posts"}],"about":[{"href":"http:\/\/www.pasadenahoy.com\/primero\/wp-json\/wp\/v2\/types\/post"}],"author":[{"embeddable":true,"href":"http:\/\/www.pasadenahoy.com\/primero\/wp-json\/wp\/v2\/users\/4"}],"replies":[{"embeddable":true,"href":"http:\/\/www.pasadenahoy.com\/primero\/wp-json\/wp\/v2\/comments?post=10781"}],"version-history":[{"count":2,"href":"http:\/\/www.pasadenahoy.com\/primero\/wp-json\/wp\/v2\/posts\/10781\/revisions"}],"predecessor-version":[{"id":10784,"href":"http:\/\/www.pasadenahoy.com\/primero\/wp-json\/wp\/v2\/posts\/10781\/revisions\/10784"}],"wp:featuredmedia":[{"embeddable":true,"href":"http:\/\/www.pasadenahoy.com\/primero\/wp-json\/wp\/v2\/media\/10782"}],"wp:attachment":[{"href":"http:\/\/www.pasadenahoy.com\/primero\/wp-json\/wp\/v2\/media?parent=10781"}],"wp:term":[{"taxonomy":"category","embeddable":true,"href":"http:\/\/www.pasadenahoy.com\/primero\/wp-json\/wp\/v2\/categories?post=10781"},{"taxonomy":"post_tag","embeddable":true,"href":"http:\/\/www.pasadenahoy.com\/primero\/wp-json\/wp\/v2\/tags?post=10781"}],"curies":[{"name":"wp","href":"https:\/\/api.w.org\/{rel}","templated":true}]}}