{"id":10785,"date":"2021-09-03T16:05:43","date_gmt":"2021-09-03T16:05:43","guid":{"rendered":"http:\/\/www.pasadenahoy.com\/primero\/?p=10785"},"modified":"2021-09-03T16:05:48","modified_gmt":"2021-09-03T16:05:48","slug":"funcionarios-de-salud-publica-instan-a-tomar-precauciones-contra-la-pandemia-durante-el-fin-de-semana-del-dia-del-trabajo","status":"publish","type":"post","link":"http:\/\/www.pasadenahoy.com\/primero\/la-comunidad\/funcionarios-de-salud-publica-instan-a-tomar-precauciones-contra-la-pandemia-durante-el-fin-de-semana-del-dia-del-trabajo\/","title":{"rendered":"Funcionarios de salud p\u00fablica instan a tomar precauciones contra la pandemia durante el fin de semana del D\u00eda del Trabajo"},"content":{"rendered":"\n<figure class=\"wp-block-image alignnone size-large\"><figure class=\"alignnone\"><img loading=\"lazy\" width=\"700\" height=\"378\" src=\"http:\/\/www.pasadenahoy.com\/primero\/wp-content\/uploads\/2021\/04\/Covid-Update-1-1-1-700x378-1.jpg\" alt=\"\" class=\"wp-image-7899\" srcset=\"http:\/\/www.pasadenahoy.com\/primero\/wp-content\/uploads\/2021\/04\/Covid-Update-1-1-1-700x378-1.jpg 700w, http:\/\/www.pasadenahoy.com\/primero\/wp-content\/uploads\/2021\/04\/Covid-Update-1-1-1-700x378-1-300x162.jpg 300w, http:\/\/www.pasadenahoy.com\/primero\/wp-content\/uploads\/2021\/04\/Covid-Update-1-1-1-700x378-1-241x130.jpg 241w, http:\/\/www.pasadenahoy.com\/primero\/wp-content\/uploads\/2021\/04\/Covid-Update-1-1-1-700x378-1-333x180.jpg 333w, http:\/\/www.pasadenahoy.com\/primero\/wp-content\/uploads\/2021\/04\/Covid-Update-1-1-1-700x378-1-360x194.jpg 360w\" sizes=\"100vw\" \/><\/figure><\/figure>\n\n\n\n<p>Las autoridades imploraron al p\u00fablico que evitara las multitudes y usara m\u00e1scaras cuando fuera apropiado durante el fin de semana del D\u00eda del Trabajo, con la esperanza de no ver una reversi\u00f3n del progreso reciente observado contra el virus.<\/p>\n\n\n\n<p>Once casos fueron documentados en Pasadena el jueves, sin muertes adicionales, seg\u00fan el Departamento de Salud P\u00fablica de Pasadena.<\/p>\n\n\n\n<p>En total, la ciudad ha registrado 12,783 casos de COVID-19 y 354 muertes.<\/p>\n\n\n\n<p>Durante la semana anterior, se detectaron un promedio de 19,6 nuevas infecciones entre los habitantes de Pasadena cada d\u00eda, seg\u00fan muestran los datos de la ciudad.<\/p>\n\n\n\n<p>Los funcionarios del Hospital Huntington informaron haber tratado a 31 pacientes con COVID-19 hasta el jueves, y ocho de ellos fueron atendidos en unidades de cuidados intensivos.<\/p>\n\n\n\n<p>La directora de salud p\u00fablica del condado de Los \u00c1ngeles, Barbara Ferrer, inform\u00f3 el jueves 2741 nuevas infecciones y 43 muertes, lo que eleva los totales pand\u00e9micos del condado a 1,412,240 casos de COVID-19 y 25,364 muertes.<\/p>\n\n\n\n<p>Las hospitalizaciones disminuyeron levemente en todo el condado desde la semana pasada, con 1.673 pacientes tratados en hospitales del condado, dijo.<\/p>\n\n\n\n<p>La tasa de positividad de la prueba diaria del jueves se midi\u00f3 en 2,97%.<\/p>\n\n\n\n<p>Ferrer alent\u00f3 a las personas y las familias a considerar el riesgo que representa el COVID-19 al planificar sus actividades de fin de semana del D\u00eda del Trabajo y a tomar decisiones como evitar las multitudes y usar m\u00e1scaras para mitigar el riesgo.<\/p>\n\n\n\n<p>&#8220;Existe un gran poder para protegernos a nosotros mismos y a los dem\u00e1s en esas elecciones, y abordarlas con consideraci\u00f3n es nuestro camino juntos a trav\u00e9s de esto&#8221;, dijo.<\/p>\n\n\n\n<p>El Departamento de Salud P\u00fablica de California anunci\u00f3 10,194 infecciones y 155 muertes, elevando los totales estatales a 4,256,244 infecciones confirmadas y 65,585 muertes.<\/p>\n\n\n\n<p>La tasa de positividad semanal del estado se situ\u00f3 en 4.9%, seg\u00fan datos del CDPH.<\/p>\n\n\n\n<p>Hasta el jueves, el condado de Los \u00c1ngeles representaba el 33% de las infecciones por COVID-19 de California y el 39% de las muertes relacionadas con el estado.<\/p>\n","protected":false},"excerpt":{"rendered":"<p>Las autoridades imploraron al p\u00fablico que evitara las multitudes y usara m\u00e1scaras cuando fuera apropiado durante el fin de semana del D\u00eda del Trabajo, con la esperanza de no ver una reversi\u00f3n del progreso reciente observado contra el virus. Once casos fueron documentados en Pasadena el jueves, sin muertes adicionales, seg\u00fan el Departamento de Salud P\u00fablica de Pasadena. En total, la ciudad ha registrado 12,783 casos de COVID-19 y 354 muertes. Durante la semana anterior, se detectaron un promedio de [&hellip;]<\/p>\n","protected":false},"author":4,"featured_media":7899,"comment_status":"open","ping_status":"closed","sticky":false,"template":"","format":"standard","meta":[],"categories":[4],"tags":[],"acf":[],"_links":{"self":[{"href":"http:\/\/www.pasadenahoy.com\/primero\/wp-json\/wp\/v2\/posts\/10785"}],"collection":[{"href":"http:\/\/www.pasadenahoy.com\/primero\/wp-json\/wp\/v2\/posts"}],"about":[{"href":"http:\/\/www.pasadenahoy.com\/primero\/wp-json\/wp\/v2\/types\/post"}],"author":[{"embeddable":true,"href":"http:\/\/www.pasadenahoy.com\/primero\/wp-json\/wp\/v2\/users\/4"}],"replies":[{"embeddable":true,"href":"http:\/\/www.pasadenahoy.com\/primero\/wp-json\/wp\/v2\/comments?post=10785"}],"version-history":[{"count":2,"href":"http:\/\/www.pasadenahoy.com\/primero\/wp-json\/wp\/v2\/posts\/10785\/revisions"}],"predecessor-version":[{"id":10787,"href":"http:\/\/www.pasadenahoy.com\/primero\/wp-json\/wp\/v2\/posts\/10785\/revisions\/10787"}],"wp:featuredmedia":[{"embeddable":true,"href":"http:\/\/www.pasadenahoy.com\/primero\/wp-json\/wp\/v2\/media\/7899"}],"wp:attachment":[{"href":"http:\/\/www.pasadenahoy.com\/primero\/wp-json\/wp\/v2\/media?parent=10785"}],"wp:term":[{"taxonomy":"category","embeddable":true,"href":"http:\/\/www.pasadenahoy.com\/primero\/wp-json\/wp\/v2\/categories?post=10785"},{"taxonomy":"post_tag","embeddable":true,"href":"http:\/\/www.pasadenahoy.com\/primero\/wp-json\/wp\/v2\/tags?post=10785"}],"curies":[{"name":"wp","href":"https:\/\/api.w.org\/{rel}","templated":true}]}}