{"id":10792,"date":"2021-09-03T16:15:07","date_gmt":"2021-09-03T16:15:07","guid":{"rendered":"http:\/\/www.pasadenahoy.com\/primero\/?p=10792"},"modified":"2021-09-03T16:15:09","modified_gmt":"2021-09-03T16:15:09","slug":"las-temperaturas-del-fin-de-semana-subiran-es-probable-que-el-dia-del-trabajo-en-pasadena-llegue-a-97","status":"publish","type":"post","link":"http:\/\/www.pasadenahoy.com\/primero\/la-comunidad\/las-temperaturas-del-fin-de-semana-subiran-es-probable-que-el-dia-del-trabajo-en-pasadena-llegue-a-97\/","title":{"rendered":"Las temperaturas del fin de semana subir\u00e1n, es probable que el D\u00eda del Trabajo en Pasadena llegue a 97"},"content":{"rendered":"\n<figure class=\"wp-block-image alignnone size-large\"><figure class=\"alignnone\"><img loading=\"lazy\" width=\"700\" height=\"378\" src=\"http:\/\/www.pasadenahoy.com\/primero\/wp-content\/uploads\/2021\/09\/pic-4-2.jpg\" alt=\"\" class=\"wp-image-10793\" srcset=\"http:\/\/www.pasadenahoy.com\/primero\/wp-content\/uploads\/2021\/09\/pic-4-2.jpg 700w, http:\/\/www.pasadenahoy.com\/primero\/wp-content\/uploads\/2021\/09\/pic-4-2-300x162.jpg 300w, http:\/\/www.pasadenahoy.com\/primero\/wp-content\/uploads\/2021\/09\/pic-4-2-241x130.jpg 241w, http:\/\/www.pasadenahoy.com\/primero\/wp-content\/uploads\/2021\/09\/pic-4-2-333x180.jpg 333w, http:\/\/www.pasadenahoy.com\/primero\/wp-content\/uploads\/2021\/09\/pic-4-2-360x194.jpg 360w\" sizes=\"100vw\" \/><\/figure><\/figure>\n\n\n\n<p>Se espera que las temperaturas suban a los 90 grados el s\u00e1bado por la ma\u00f1ana para dar inicio al largo fin de semana festivo del D\u00eda del Trabajo, advirti\u00f3 el Servicio Meteorol\u00f3gico Nacional.<\/p>\n\n\n\n<p>Las temperaturas seguir\u00e1n aumentando a medida que la alta presi\u00f3n se expanda hacia la regi\u00f3n y es probable que el lunes sea el m\u00e1s c\u00e1lido.<\/p>\n\n\n\n<p>Una capa marina en disminuci\u00f3n traer\u00e1 cielos despejados para el fin de semana.<\/p>\n\n\n\n<p>El tema anterior a 90 continuar\u00e1 hasta mediados de semana, predijo el NWS.<\/p>\n\n\n\n<p>Aqu\u00ed est\u00e1 el pron\u00f3stico del Servicio Meteorol\u00f3gico Nacional:<\/p>\n\n\n\n<p>Viernes: Soleado, la m\u00e1xima alrededor de 86. Viento ligero y variable y llegar\u00e1 del suroeste de 5 a 10 mph. Vie.<\/p>\n\n\n\n<p>Vie. Por la Noche: Mayormente despejado, la m\u00ednima alrededor de 62. Viento del sur suroeste de 5 a 10 mph y luego llegar\u00e1 del norte.<\/p>\n\n\n\n<p>S\u00e1bado: Soleado, la m\u00e1xima alrededor de 92. Viento del norte de 5 a 10 mph y luego llegar\u00e1 del sur suroeste.<\/p>\n\n\n\n<p>S\u00e1b. Por la Noche: Mayormente despejado, la m\u00ednima alrededor de 65.<\/p>\n\n\n\n<p>Domingo: Soleado y calor, la m\u00e1xima alrededor de 97.<\/p>\n\n\n\n<p>Dom. Por la Noche: Mayormente despejado, la m\u00ednima alrededor de 66.<\/p>\n\n\n\n<p>D\u00eda del Trabajo: Mayormente soleado y calor, la m\u00e1xima alrededor de 96.<\/p>\n\n\n\n<p>Por la Noche: Mayormente despejado, la m\u00ednima alrededor de 66.<\/p>\n\n\n\n<p>Martes: Soleado, la m\u00e1xima alrededor de 92.<\/p>\n\n\n\n<p>Mar. por la Noche: Mayormente despejado, la m\u00ednima alrededor de 65.<\/p>\n\n\n\n<p>Mi\u00e9rcoles: Soleado, la m\u00e1xima alrededor de 91.<\/p>\n","protected":false},"excerpt":{"rendered":"<p>Se espera que las temperaturas suban a los 90 grados el s\u00e1bado por la ma\u00f1ana para dar inicio al largo fin de semana festivo del D\u00eda del Trabajo, advirti\u00f3 el Servicio Meteorol\u00f3gico Nacional. Las temperaturas seguir\u00e1n aumentando a medida que la alta presi\u00f3n se expanda hacia la regi\u00f3n y es probable que el lunes sea el m\u00e1s c\u00e1lido. Una capa marina en disminuci\u00f3n traer\u00e1 cielos despejados para el fin de semana. El tema anterior a 90 continuar\u00e1 hasta mediados de [&hellip;]<\/p>\n","protected":false},"author":4,"featured_media":0,"comment_status":"open","ping_status":"closed","sticky":false,"template":"","format":"standard","meta":[],"categories":[4],"tags":[],"acf":[],"_links":{"self":[{"href":"http:\/\/www.pasadenahoy.com\/primero\/wp-json\/wp\/v2\/posts\/10792"}],"collection":[{"href":"http:\/\/www.pasadenahoy.com\/primero\/wp-json\/wp\/v2\/posts"}],"about":[{"href":"http:\/\/www.pasadenahoy.com\/primero\/wp-json\/wp\/v2\/types\/post"}],"author":[{"embeddable":true,"href":"http:\/\/www.pasadenahoy.com\/primero\/wp-json\/wp\/v2\/users\/4"}],"replies":[{"embeddable":true,"href":"http:\/\/www.pasadenahoy.com\/primero\/wp-json\/wp\/v2\/comments?post=10792"}],"version-history":[{"count":2,"href":"http:\/\/www.pasadenahoy.com\/primero\/wp-json\/wp\/v2\/posts\/10792\/revisions"}],"predecessor-version":[{"id":10795,"href":"http:\/\/www.pasadenahoy.com\/primero\/wp-json\/wp\/v2\/posts\/10792\/revisions\/10795"}],"wp:attachment":[{"href":"http:\/\/www.pasadenahoy.com\/primero\/wp-json\/wp\/v2\/media?parent=10792"}],"wp:term":[{"taxonomy":"category","embeddable":true,"href":"http:\/\/www.pasadenahoy.com\/primero\/wp-json\/wp\/v2\/categories?post=10792"},{"taxonomy":"post_tag","embeddable":true,"href":"http:\/\/www.pasadenahoy.com\/primero\/wp-json\/wp\/v2\/tags?post=10792"}],"curies":[{"name":"wp","href":"https:\/\/api.w.org\/{rel}","templated":true}]}}