{"id":10796,"date":"2021-09-03T16:20:07","date_gmt":"2021-09-03T16:20:07","guid":{"rendered":"http:\/\/www.pasadenahoy.com\/primero\/?p=10796"},"modified":"2021-09-03T16:20:09","modified_gmt":"2021-09-03T16:20:09","slug":"el-mastil-de-la-bandera-del-centro-de-ancianos-de-pasadena-se-volvera-a-dedicar-en-el-vigesimo-aniversario-del-11-de-septiembre","status":"publish","type":"post","link":"http:\/\/www.pasadenahoy.com\/primero\/la-comunidad\/el-mastil-de-la-bandera-del-centro-de-ancianos-de-pasadena-se-volvera-a-dedicar-en-el-vigesimo-aniversario-del-11-de-septiembre\/","title":{"rendered":"El m\u00e1stil de la bandera del Centro de Ancianos de Pasadena se volver\u00e1 a dedicar en el vig\u00e9simo aniversario del 11 de septiembre"},"content":{"rendered":"\n<figure class=\"wp-block-image alignnone size-large\"><figure class=\"alignnone\"><img loading=\"lazy\" width=\"700\" height=\"378\" src=\"http:\/\/www.pasadenahoy.com\/primero\/wp-content\/uploads\/2021\/09\/pic5.jpg\" alt=\"\" class=\"wp-image-10797\" srcset=\"http:\/\/www.pasadenahoy.com\/primero\/wp-content\/uploads\/2021\/09\/pic5.jpg 700w, http:\/\/www.pasadenahoy.com\/primero\/wp-content\/uploads\/2021\/09\/pic5-300x162.jpg 300w, http:\/\/www.pasadenahoy.com\/primero\/wp-content\/uploads\/2021\/09\/pic5-241x130.jpg 241w, http:\/\/www.pasadenahoy.com\/primero\/wp-content\/uploads\/2021\/09\/pic5-333x180.jpg 333w, http:\/\/www.pasadenahoy.com\/primero\/wp-content\/uploads\/2021\/09\/pic5-360x194.jpg 360w\" sizes=\"100vw\" \/><\/figure><\/figure>\n\n\n\n<p>El asta de la bandera en el Pasadena Senior Center fue objeto de vandalismo en febrero de 2020. La cuerda de acero fue cortada y extra\u00edda del sistema de poleas y la bandera fue robada.<\/p>\n\n\n\n<p>A las 10 a.m. del s\u00e1bado 11 de septiembre, el asta de la bandera se volver\u00e1 a dedicar durante una ceremonia p\u00fablica en el centro, 85 E. Holly St., en honor a todos los que murieron a manos de los terroristas en el d\u00eda m\u00e1s oscuro de Estados Unidos.<\/p>\n\n\n\n<p>Durante la ceremonia, los bomberos de Pasadena de la Estaci\u00f3n 31 en South Fair Oaks Avenue instalar\u00e1n un nuevo sistema de poleas a trav\u00e9s de un cami\u00f3n de bomberos de gancho y escalera. Augustine Grube, comandante de American Legion Post 13 en Pasadena, presentar\u00e1 una nueva bandera estadounidense donada por el correo.<\/p>\n\n\n\n<p>Despu\u00e9s de que se haya izado la nueva bandera, los Boy Scouts de la Tropa 351 en San Marino liderar\u00e1n el Juramento a la Bandera. Akila Gibbs, directora ejecutiva del Pasadena Senior Center, har\u00e1 breves comentarios.<\/p>\n\n\n\n<p>\u201cHemos recibido muchas preguntas de veteranos y otras personas sobre por qu\u00e9 no se iz\u00f3 la bandera aqu\u00ed el D\u00eda de los Veteranos, el D\u00eda de los Ca\u00eddos y el 4 de julio\u201d, dijo Gibbs. &#8220;Quiero extender una invitaci\u00f3n especial a todos los veteranos, y a todos, para que asistan a este evento tan especial&#8221;.<\/p>\n\n\n\n<p>El Pasadena Senior Center es una organizaci\u00f3n independiente sin fines de lucro que ha estado sirviendo a adultos de 50 a\u00f1os o m\u00e1s durante m\u00e1s de 60 a\u00f1os.<\/p>\n\n\n\n<p>Para obtener m\u00e1s informaci\u00f3n sobre los programas y servicios del centro, visite <a href=\"https:\/\/www.pasadenaseniorcenter.org\/\">www.pasadenaseniorcenter.org<\/a> o llame al (626) 795-4331.<\/p>\n","protected":false},"excerpt":{"rendered":"<p>El asta de la bandera en el Pasadena Senior Center fue objeto de vandalismo en febrero de 2020. La cuerda de acero fue cortada y extra\u00edda del sistema de poleas y la bandera fue robada. A las 10 a.m. del s\u00e1bado 11 de septiembre, el asta de la bandera se volver\u00e1 a dedicar durante una ceremonia p\u00fablica en el centro, 85 E. Holly St., en honor a todos los que murieron a manos de los terroristas en el d\u00eda m\u00e1s [&hellip;]<\/p>\n","protected":false},"author":4,"featured_media":0,"comment_status":"open","ping_status":"closed","sticky":false,"template":"","format":"standard","meta":[],"categories":[4],"tags":[],"acf":[],"_links":{"self":[{"href":"http:\/\/www.pasadenahoy.com\/primero\/wp-json\/wp\/v2\/posts\/10796"}],"collection":[{"href":"http:\/\/www.pasadenahoy.com\/primero\/wp-json\/wp\/v2\/posts"}],"about":[{"href":"http:\/\/www.pasadenahoy.com\/primero\/wp-json\/wp\/v2\/types\/post"}],"author":[{"embeddable":true,"href":"http:\/\/www.pasadenahoy.com\/primero\/wp-json\/wp\/v2\/users\/4"}],"replies":[{"embeddable":true,"href":"http:\/\/www.pasadenahoy.com\/primero\/wp-json\/wp\/v2\/comments?post=10796"}],"version-history":[{"count":2,"href":"http:\/\/www.pasadenahoy.com\/primero\/wp-json\/wp\/v2\/posts\/10796\/revisions"}],"predecessor-version":[{"id":10799,"href":"http:\/\/www.pasadenahoy.com\/primero\/wp-json\/wp\/v2\/posts\/10796\/revisions\/10799"}],"wp:attachment":[{"href":"http:\/\/www.pasadenahoy.com\/primero\/wp-json\/wp\/v2\/media?parent=10796"}],"wp:term":[{"taxonomy":"category","embeddable":true,"href":"http:\/\/www.pasadenahoy.com\/primero\/wp-json\/wp\/v2\/categories?post=10796"},{"taxonomy":"post_tag","embeddable":true,"href":"http:\/\/www.pasadenahoy.com\/primero\/wp-json\/wp\/v2\/tags?post=10796"}],"curies":[{"name":"wp","href":"https:\/\/api.w.org\/{rel}","templated":true}]}}