{"id":10811,"date":"2021-09-06T16:10:45","date_gmt":"2021-09-06T16:10:45","guid":{"rendered":"http:\/\/www.pasadenahoy.com\/primero\/?p=10811"},"modified":"2021-09-06T16:10:47","modified_gmt":"2021-09-06T16:10:47","slug":"las-hospitalizaciones-por-covid-19-disminuyen-en-el-condado-de-l-a","status":"publish","type":"post","link":"http:\/\/www.pasadenahoy.com\/primero\/la-comunidad\/las-hospitalizaciones-por-covid-19-disminuyen-en-el-condado-de-l-a\/","title":{"rendered":"Las hospitalizaciones por COVID-19 disminuyen en el condado de L.A."},"content":{"rendered":"\n<figure class=\"wp-block-image alignnone size-large\"><figure class=\"alignnone\"><img loading=\"lazy\" width=\"700\" height=\"378\" src=\"http:\/\/www.pasadenahoy.com\/primero\/wp-content\/uploads\/2021\/09\/pic-2-2.jpg\" alt=\"\" class=\"wp-image-10812\" srcset=\"http:\/\/www.pasadenahoy.com\/primero\/wp-content\/uploads\/2021\/09\/pic-2-2.jpg 700w, http:\/\/www.pasadenahoy.com\/primero\/wp-content\/uploads\/2021\/09\/pic-2-2-300x162.jpg 300w, http:\/\/www.pasadenahoy.com\/primero\/wp-content\/uploads\/2021\/09\/pic-2-2-241x130.jpg 241w, http:\/\/www.pasadenahoy.com\/primero\/wp-content\/uploads\/2021\/09\/pic-2-2-333x180.jpg 333w, http:\/\/www.pasadenahoy.com\/primero\/wp-content\/uploads\/2021\/09\/pic-2-2-360x194.jpg 360w\" sizes=\"100vw\" \/><\/figure><\/figure>\n\n\n\n<p>El n\u00famero de pacientes con coronavirus en los hospitales del condado de Los \u00c1ngeles sigui\u00f3 cayendo el domingo, de 1,537 el s\u00e1bado a 1,480, seg\u00fan cifras estatales.<\/p>\n\n\n\n<p>El n\u00famero de esos pacientes en cuidados intensivos tambi\u00e9n disminuy\u00f3, de 445 a 433.<\/p>\n\n\n\n<p>Las \u00faltimas cifras llegan un d\u00eda despu\u00e9s de que los funcionarios de salud del condado informaron 36 muertes adicionales asociadas con el virus y 2,097 nuevos casos de COVID-19, lo que eleva el total del condado a 1,416,919 casos y 25,434 muertes desde que comenz\u00f3 la pandemia.<\/p>\n\n\n\n<p>Aproximadamente el 90% de todas las muertes locales asociadas con COVID-19 ocurrieron en personas con afecciones de salud subyacentes, seg\u00fan el Departamento de Salud P\u00fablica del Condado de Los \u00c1ngeles. Las condiciones m\u00e1s comunes fueron hipertensi\u00f3n (presente en el 55% de las muertes), diabetes (43%) y enfermedades card\u00edacas (29%).<\/p>\n\n\n\n<p>Mientras tanto, los funcionarios tambi\u00e9n han confirmado la presencia de lo que se conoce como la variante mu del virus, que se describe como altamente contagioso y potencialmente capaz de evadir las vacunas. El departamento de salud del condado ha detectado 167 instancias de la variante mu, todas entre el 19 de junio y el 21 de agosto, y la mayor\u00eda de ellas se encontraron en julio.<\/p>\n\n\n\n<p>La variante mu, oficialmente etiquetada como una &#8220;variante de inter\u00e9s&#8221; por la Organizaci\u00f3n Mundial de la Salud, se descubri\u00f3 por primera vez en Colombia en enero y desde entonces se ha detectado en 39 pa\u00edses. Algunas revisiones iniciales de la variante han indicado que tiene el potencial de evadir las vacunas disponibles actualmente. Pero en un comunicado el viernes, los funcionarios de salud del condado dijeron que &#8220;se necesitan m\u00e1s estudios para determinar si la variante mu es m\u00e1s contagiosa, m\u00e1s mortal o m\u00e1s resistente a la vacuna y los tratamientos que otras cepas de COVID-19&#8221;.<\/p>\n\n\n\n<p>La variante delta sigue siendo la cepa COVID-19 dominante que circula en el condado, y la directora de Salud P\u00fablica, Barbara Ferrer, dijo el jueves que representa casi todos los casos que se someten a la secuenciaci\u00f3n necesaria para identificar mutaciones virales espec\u00edficas. Delta est\u00e1 etiquetada como una &#8220;variante de preocupaci\u00f3n&#8221; por la OMS.<\/p>\n\n\n\n<p>\u201cLa identificaci\u00f3n de variantes como mu, y la propagaci\u00f3n de variantes en todo el mundo, resalta la necesidad de que los residentes del condado de Los \u00c1ngeles contin\u00faen tomando medidas para protegerse a s\u00ed mismos ya los dem\u00e1s\u201d, dijo Ferrer. \u201cEsto es lo que hace que vacunarse y poner capas de protecci\u00f3n sea tan importante. Estas son acciones que rompen la cadena de transmisi\u00f3n y limitan la proliferaci\u00f3n de COVID-19 que permite que el virus mute en algo que podr\u00eda ser m\u00e1s peligroso \u201d.<\/p>\n\n\n\n<p>Ferrer se\u00f1al\u00f3 el jueves que el condado ha comenzado a ver disminuciones en la tasa de nuevas infecciones. Seg\u00fan Ferrer, la tasa acumulada de casos nuevos en siete d\u00edas del condado fue de 159 por cada 100.000 habitantes la semana pasada, una ca\u00edda del 16% con respecto a la semana anterior y del 22% desde el pico de 204 por cada 100.000 habitantes a mediados de agosto.<\/p>\n\n\n\n<p>La tasa del condado de personas que dieron positivo por el virus aument\u00f3 el viernes al 3,3%, frente al 2,97% del d\u00eda anterior.<\/p>\n\n\n\n<p>Entre los residentes elegibles del condado de 12 a\u00f1os o m\u00e1s, el 75% ha recibido al menos una dosis de la vacuna, mientras que el 65% est\u00e1 completamente vacunado.<\/p>\n\n\n\n<p>De nuevo promocionando la efectividad de las vacunas, Ferrer dijo que de casi 5.3 millones de residentes que estaban completamente vacunados hasta el martes, 37.614 dieron positivo por el virus, para una tasa de 0.71%, mientras que 1.049 fueron hospitalizados, una tasa de 0.02%. . De los completamente vacunados, 118 han muerto, con una tasa del 0,0022%.<\/p>\n","protected":false},"excerpt":{"rendered":"<p>El n\u00famero de pacientes con coronavirus en los hospitales del condado de Los \u00c1ngeles sigui\u00f3 cayendo el domingo, de 1,537 el s\u00e1bado a 1,480, seg\u00fan cifras estatales. El n\u00famero de esos pacientes en cuidados intensivos tambi\u00e9n disminuy\u00f3, de 445 a 433. Las \u00faltimas cifras llegan un d\u00eda despu\u00e9s de que los funcionarios de salud del condado informaron 36 muertes adicionales asociadas con el virus y 2,097 nuevos casos de COVID-19, lo que eleva el total del condado a 1,416,919 casos [&hellip;]<\/p>\n","protected":false},"author":4,"featured_media":10812,"comment_status":"open","ping_status":"closed","sticky":false,"template":"","format":"standard","meta":[],"categories":[4],"tags":[],"acf":[],"_links":{"self":[{"href":"http:\/\/www.pasadenahoy.com\/primero\/wp-json\/wp\/v2\/posts\/10811"}],"collection":[{"href":"http:\/\/www.pasadenahoy.com\/primero\/wp-json\/wp\/v2\/posts"}],"about":[{"href":"http:\/\/www.pasadenahoy.com\/primero\/wp-json\/wp\/v2\/types\/post"}],"author":[{"embeddable":true,"href":"http:\/\/www.pasadenahoy.com\/primero\/wp-json\/wp\/v2\/users\/4"}],"replies":[{"embeddable":true,"href":"http:\/\/www.pasadenahoy.com\/primero\/wp-json\/wp\/v2\/comments?post=10811"}],"version-history":[{"count":2,"href":"http:\/\/www.pasadenahoy.com\/primero\/wp-json\/wp\/v2\/posts\/10811\/revisions"}],"predecessor-version":[{"id":10814,"href":"http:\/\/www.pasadenahoy.com\/primero\/wp-json\/wp\/v2\/posts\/10811\/revisions\/10814"}],"wp:featuredmedia":[{"embeddable":true,"href":"http:\/\/www.pasadenahoy.com\/primero\/wp-json\/wp\/v2\/media\/10812"}],"wp:attachment":[{"href":"http:\/\/www.pasadenahoy.com\/primero\/wp-json\/wp\/v2\/media?parent=10811"}],"wp:term":[{"taxonomy":"category","embeddable":true,"href":"http:\/\/www.pasadenahoy.com\/primero\/wp-json\/wp\/v2\/categories?post=10811"},{"taxonomy":"post_tag","embeddable":true,"href":"http:\/\/www.pasadenahoy.com\/primero\/wp-json\/wp\/v2\/tags?post=10811"}],"curies":[{"name":"wp","href":"https:\/\/api.w.org\/{rel}","templated":true}]}}