{"id":10815,"date":"2021-09-06T16:28:29","date_gmt":"2021-09-06T16:28:29","guid":{"rendered":"http:\/\/www.pasadenahoy.com\/primero\/?p=10815"},"modified":"2021-09-06T16:28:31","modified_gmt":"2021-09-06T16:28:31","slug":"esto-es-lo-que-esta-cerrado-el-dia-del-trabajo","status":"publish","type":"post","link":"http:\/\/www.pasadenahoy.com\/primero\/la-comunidad\/esto-es-lo-que-esta-cerrado-el-dia-del-trabajo\/","title":{"rendered":"Esto es lo que est\u00e1 cerrado el D\u00eda del Trabajo"},"content":{"rendered":"\n<figure class=\"wp-block-image alignnone size-large\"><figure class=\"alignnone\"><img loading=\"lazy\" width=\"700\" height=\"378\" src=\"http:\/\/www.pasadenahoy.com\/primero\/wp-content\/uploads\/2021\/09\/pic-3.png\" alt=\"\" class=\"wp-image-10816\" srcset=\"http:\/\/www.pasadenahoy.com\/primero\/wp-content\/uploads\/2021\/09\/pic-3.png 700w, http:\/\/www.pasadenahoy.com\/primero\/wp-content\/uploads\/2021\/09\/pic-3-300x162.png 300w, http:\/\/www.pasadenahoy.com\/primero\/wp-content\/uploads\/2021\/09\/pic-3-241x130.png 241w, http:\/\/www.pasadenahoy.com\/primero\/wp-content\/uploads\/2021\/09\/pic-3-333x180.png 333w, http:\/\/www.pasadenahoy.com\/primero\/wp-content\/uploads\/2021\/09\/pic-3-360x194.png 360w\" sizes=\"100vw\" \/><\/figure><\/figure>\n\n\n\n<p>El Ayuntamiento tendr\u00e1 la noche libre el lunes en conmemoraci\u00f3n del D\u00eda del Trabajo.<\/p>\n\n\n\n<p>El Ayuntamiento y el gobierno de la ciudad volver\u00e1n a acelerar el pr\u00f3ximo lunes.<\/p>\n\n\n\n<p>Tambi\u00e9n el lunes, el Ayuntamiento y muchos servicios de la ciudad estar\u00e1n cerrados el lunes.<\/p>\n\n\n\n<p>Los Departamentos de Polic\u00eda y Bomberos de Pasadena seguir\u00e1n contando con personal para todos los servicios de patrulla, c\u00e1rcel, bomberos, param\u00e9dicos y otros servicios de emergencia. Para emergencias potencialmente mortales, siempre marque el 9-1-1.<\/p>\n\n\n\n<p>Los servicios de basura y reciclaje se pospondr\u00e1n un d\u00eda. La recogida del lunes se realizar\u00e1 el martes; Recogida el martes el mi\u00e9rcoles; Recogida el mi\u00e9rcoles el jueves; Recogida el jueves el viernes; y recogida el viernes el s\u00e1bado. No se recoger\u00e1n art\u00edculos voluminosos el s\u00e1bado ni el lunes.<\/p>\n\n\n\n<p>El <a href=\"https:\/\/www.cityofpasadena.net\/citizen-service-center\">Centro de Servicio al Ciudadano<\/a> estar\u00e1 cerrado el lunes 6 de septiembre y reanudar\u00e1 sus horas regulares el martes 7 de septiembre.<\/p>\n\n\n\n<p>Los residentes y negocios de Pasadena que experimenten emergencias de energ\u00eda deben llamar a Pasadena Water and Power (PWP) al (626) 744-4673. Para emergencias relacionadas con el agua, llame al (626) 744-4138. El Centro de Llamadas para Clientes habitual de PWP estar\u00e1 cerrado durante las vacaciones, pero los clientes pueden acceder a sus cuentas y pagar facturas en l\u00ednea en <a href=\"https:\/\/ww5.cityofpasadena.net\/water-and-power\/\">www.PWPweb.com<\/a> o llamando al (626) 744-4005.<\/p>\n\n\n\n<p>El Centro de Pago de Servicios Municipales y la Oficina de Estacionamiento de la Ciudad estar\u00e1n cerrados el D\u00eda del Trabajo. Todos los parqu\u00edmetros que no est\u00e9n indicados como &#8220;No estacionar&#8221; ser\u00e1n gratuitos y no se aplicar\u00e1n los l\u00edmites de tiempo. Se seguir\u00e1n haciendo cumplir las infracciones por estacionamiento nocturno, estacionamiento en la acera roja, zonas de \u201cNo estacionamiento\u201d y bloqueo de bocas de incendio. La aplicaci\u00f3n regular se reanuda el martes 7 de septiembre. Los servicios de permisos en l\u00ednea est\u00e1n disponibles las 24 horas del d\u00eda, los 7 d\u00edas de la semana en <a href=\"http:\/\/www.cityofpasadena.net\/PermitCenterOnline\">www.cityofpasadena.net\/PermitCenterOnline.<\/a><\/p>\n\n\n\n<p>El servicio de autob\u00fas de Pasadena Transit y el transporte Dial-A-Ride no operar\u00e1n el D\u00eda del Trabajo. El servicio normal se reanudar\u00e1 el martes.<\/p>\n\n\n\n<p>Todas las bibliotecas p\u00fablicas de Pasadena estar\u00e1n cerradas el lunes y volver\u00e1n a sus horarios regulares el martes.<\/p>\n\n\n\n<p>Todos los centros comunitarios y de recreaci\u00f3n operados por el Departamento de Parques, Recreaci\u00f3n y Servicios Comunitarios de la Ciudad estar\u00e1n cerrados el D\u00eda del Trabajo, pero todos los parques estar\u00e1n abiertos para picnics, diversi\u00f3n y juego. No se aceptan reservas de sitios para las vacaciones.<\/p>\n\n\n\n<p>El Departamento de Salud P\u00fablica de Pasadena insta a todos aquellos que a\u00fan no est\u00e1n vacunados a que se vacunen lo antes posible. Una lista de los lugares de vacunaci\u00f3n de Pasadena est\u00e1 disponible en <a href=\"https:\/\/www.cityofpasadena.net\/public-health\/covid-19-vaccine\/#vaccination-sites\">bit.ly\/Vaccinate-Pasadena.<\/a><\/p>\n\n\n\n<p>Los oficiales estar\u00e1n presentes durante el fin de semana del D\u00eda del Trabajo, en busca de automovilistas que conduzcan en estado de ebriedad o violen otras leyes de seguridad vial.<\/p>\n\n\n\n<p>El per\u00edodo m\u00e1ximo de ejecuci\u00f3n comenz\u00f3 a las 6:01 p.m. Viernes y continuar\u00e1 hasta las 11:59 p.m. El lunes, dijo la comisionada de la Patrulla de Caminos de California, Amanda Ray.<\/p>\n\n\n\n<p>&#8220;Nuestros oficiales est\u00e1n dedicados a hacer que las carreteras sean seguras para todos los que las usan&#8221;, dijo Ray en un comunicado. &#8220;Conducir sobrio o designar a un conductor sobrio es la elecci\u00f3n responsable para mantenerlos a usted, a sus pasajeros y a otros conductores seguros&#8221;.<\/p>\n","protected":false},"excerpt":{"rendered":"<p>El Ayuntamiento tendr\u00e1 la noche libre el lunes en conmemoraci\u00f3n del D\u00eda del Trabajo. El Ayuntamiento y el gobierno de la ciudad volver\u00e1n a acelerar el pr\u00f3ximo lunes. Tambi\u00e9n el lunes, el Ayuntamiento y muchos servicios de la ciudad estar\u00e1n cerrados el lunes. Los Departamentos de Polic\u00eda y Bomberos de Pasadena seguir\u00e1n contando con personal para todos los servicios de patrulla, c\u00e1rcel, bomberos, param\u00e9dicos y otros servicios de emergencia. Para emergencias potencialmente mortales, siempre marque el 9-1-1. Los servicios de [&hellip;]<\/p>\n","protected":false},"author":4,"featured_media":10816,"comment_status":"open","ping_status":"closed","sticky":false,"template":"","format":"standard","meta":[],"categories":[4],"tags":[],"acf":[],"_links":{"self":[{"href":"http:\/\/www.pasadenahoy.com\/primero\/wp-json\/wp\/v2\/posts\/10815"}],"collection":[{"href":"http:\/\/www.pasadenahoy.com\/primero\/wp-json\/wp\/v2\/posts"}],"about":[{"href":"http:\/\/www.pasadenahoy.com\/primero\/wp-json\/wp\/v2\/types\/post"}],"author":[{"embeddable":true,"href":"http:\/\/www.pasadenahoy.com\/primero\/wp-json\/wp\/v2\/users\/4"}],"replies":[{"embeddable":true,"href":"http:\/\/www.pasadenahoy.com\/primero\/wp-json\/wp\/v2\/comments?post=10815"}],"version-history":[{"count":2,"href":"http:\/\/www.pasadenahoy.com\/primero\/wp-json\/wp\/v2\/posts\/10815\/revisions"}],"predecessor-version":[{"id":10818,"href":"http:\/\/www.pasadenahoy.com\/primero\/wp-json\/wp\/v2\/posts\/10815\/revisions\/10818"}],"wp:featuredmedia":[{"embeddable":true,"href":"http:\/\/www.pasadenahoy.com\/primero\/wp-json\/wp\/v2\/media\/10816"}],"wp:attachment":[{"href":"http:\/\/www.pasadenahoy.com\/primero\/wp-json\/wp\/v2\/media?parent=10815"}],"wp:term":[{"taxonomy":"category","embeddable":true,"href":"http:\/\/www.pasadenahoy.com\/primero\/wp-json\/wp\/v2\/categories?post=10815"},{"taxonomy":"post_tag","embeddable":true,"href":"http:\/\/www.pasadenahoy.com\/primero\/wp-json\/wp\/v2\/tags?post=10815"}],"curies":[{"name":"wp","href":"https:\/\/api.w.org\/{rel}","templated":true}]}}