{"id":10820,"date":"2021-09-06T16:33:38","date_gmt":"2021-09-06T16:33:38","guid":{"rendered":"http:\/\/www.pasadenahoy.com\/primero\/?p=10820"},"modified":"2021-09-06T16:33:40","modified_gmt":"2021-09-06T16:33:40","slug":"mujer-acusada-de-agredir-a-su-padrastro-con-machete-en-pasadena","status":"publish","type":"post","link":"http:\/\/www.pasadenahoy.com\/primero\/la-comunidad\/mujer-acusada-de-agredir-a-su-padrastro-con-machete-en-pasadena\/","title":{"rendered":"Mujer acusada de agredir a su padrastro con machete en Pasadena"},"content":{"rendered":"\n<figure class=\"wp-block-image alignnone size-large\"><figure class=\"alignnone\"><img loading=\"lazy\" width=\"700\" height=\"378\" src=\"http:\/\/www.pasadenahoy.com\/primero\/wp-content\/uploads\/2021\/09\/pic4.png\" alt=\"\" class=\"wp-image-10821\" srcset=\"http:\/\/www.pasadenahoy.com\/primero\/wp-content\/uploads\/2021\/09\/pic4.png 700w, http:\/\/www.pasadenahoy.com\/primero\/wp-content\/uploads\/2021\/09\/pic4-300x162.png 300w, http:\/\/www.pasadenahoy.com\/primero\/wp-content\/uploads\/2021\/09\/pic4-241x130.png 241w, http:\/\/www.pasadenahoy.com\/primero\/wp-content\/uploads\/2021\/09\/pic4-333x180.png 333w, http:\/\/www.pasadenahoy.com\/primero\/wp-content\/uploads\/2021\/09\/pic4-360x194.png 360w\" sizes=\"100vw\" \/><figcaption><span class=\"caption-text\">\u00a9 Colaboradores de OpenStreetMap<\/span><\/figcaption><\/figure><\/figure>\n\n\n\n<p>La polic\u00eda arrest\u00f3 a una mujer bajo sospecha de intento de asesinato despu\u00e9s de que dijeron que atac\u00f3 a su padrastro con un machete en Pasadena el s\u00e1bado por la tarde.<\/p>\n\n\n\n<p>Los oficiales fueron convocados alrededor de las 3:05 p.m. a un informe de un disturbio familiar en la cuadra 200 de Plymouth Drive, dijo el teniente Anthony Burgess de la polic\u00eda de Pasadena. La persona que llam\u00f3 inform\u00f3 que una de las personas involucradas estaba armada con un machete.<\/p>\n\n\n\n<p>A su llegada, los agentes encontraron a un hombre de 37 a\u00f1os que sufr\u00eda un corte significativo en el antebrazo, que aparentemente sufri\u00f3 mientras bloqueaba un golpe con el machete, dijo Burgess.<\/p>\n\n\n\n<p>Fue trasladado a un hospital para recibir tratamiento por lesiones que no se consideraban potencialmente mortales.<\/p>\n\n\n\n<p>La presunta agresora, Jasmine Alicia Mart\u00ednez de Pasadena, de 24 a\u00f1os, fue detenida en el lugar sin incidentes, seg\u00fan la polic\u00eda y los registros de reserva del condado de Los \u00c1ngeles.<\/p>\n\n\n\n<p>La investigaci\u00f3n determin\u00f3 que Mart\u00ednez hab\u00eda recuperado la hoja grande y atac\u00f3 a su padrastro con ella despu\u00e9s de que \u00e9l tuvo una discusi\u00f3n con su esposa, dijo Burgess.<\/p>\n\n\n\n<p>Mart\u00ednez fue fichado bajo sospecha de intento de asesinato, dijo.<\/p>\n\n\n\n<p>La fianza se fij\u00f3 en $ 1 mill\u00f3n en espera de su comparecencia inicial en la corte, que a\u00fan no se hab\u00eda programado para el domingo, seg\u00fan muestran los registros.<\/p>\n","protected":false},"excerpt":{"rendered":"<p>La polic\u00eda arrest\u00f3 a una mujer bajo sospecha de intento de asesinato despu\u00e9s de que dijeron que atac\u00f3 a su padrastro con un machete en Pasadena el s\u00e1bado por la tarde. Los oficiales fueron convocados alrededor de las 3:05 p.m. a un informe de un disturbio familiar en la cuadra 200 de Plymouth Drive, dijo el teniente Anthony Burgess de la polic\u00eda de Pasadena. La persona que llam\u00f3 inform\u00f3 que una de las personas involucradas estaba armada con un machete. [&hellip;]<\/p>\n","protected":false},"author":4,"featured_media":0,"comment_status":"open","ping_status":"closed","sticky":false,"template":"","format":"standard","meta":[],"categories":[4],"tags":[],"acf":[],"_links":{"self":[{"href":"http:\/\/www.pasadenahoy.com\/primero\/wp-json\/wp\/v2\/posts\/10820"}],"collection":[{"href":"http:\/\/www.pasadenahoy.com\/primero\/wp-json\/wp\/v2\/posts"}],"about":[{"href":"http:\/\/www.pasadenahoy.com\/primero\/wp-json\/wp\/v2\/types\/post"}],"author":[{"embeddable":true,"href":"http:\/\/www.pasadenahoy.com\/primero\/wp-json\/wp\/v2\/users\/4"}],"replies":[{"embeddable":true,"href":"http:\/\/www.pasadenahoy.com\/primero\/wp-json\/wp\/v2\/comments?post=10820"}],"version-history":[{"count":2,"href":"http:\/\/www.pasadenahoy.com\/primero\/wp-json\/wp\/v2\/posts\/10820\/revisions"}],"predecessor-version":[{"id":10823,"href":"http:\/\/www.pasadenahoy.com\/primero\/wp-json\/wp\/v2\/posts\/10820\/revisions\/10823"}],"wp:attachment":[{"href":"http:\/\/www.pasadenahoy.com\/primero\/wp-json\/wp\/v2\/media?parent=10820"}],"wp:term":[{"taxonomy":"category","embeddable":true,"href":"http:\/\/www.pasadenahoy.com\/primero\/wp-json\/wp\/v2\/categories?post=10820"},{"taxonomy":"post_tag","embeddable":true,"href":"http:\/\/www.pasadenahoy.com\/primero\/wp-json\/wp\/v2\/tags?post=10820"}],"curies":[{"name":"wp","href":"https:\/\/api.w.org\/{rel}","templated":true}]}}