{"id":10824,"date":"2021-09-06T16:36:42","date_gmt":"2021-09-06T16:36:42","guid":{"rendered":"http:\/\/www.pasadenahoy.com\/primero\/?p=10824"},"modified":"2021-09-06T16:36:44","modified_gmt":"2021-09-06T16:36:44","slug":"residente-de-pasadena-entre-seis-nombramientos-de-banco-del-condado-de-newsom-l-a","status":"publish","type":"post","link":"http:\/\/www.pasadenahoy.com\/primero\/la-comunidad\/residente-de-pasadena-entre-seis-nombramientos-de-banco-del-condado-de-newsom-l-a\/","title":{"rendered":"Residente de Pasadena entre seis nombramientos de banco del condado de Newsom L.A."},"content":{"rendered":"\n<figure class=\"wp-block-image alignnone size-large\"><figure class=\"alignnone\"><img loading=\"lazy\" width=\"700\" height=\"378\" src=\"http:\/\/www.pasadenahoy.com\/primero\/wp-content\/uploads\/2021\/09\/pic5-1.jpg\" alt=\"\" class=\"wp-image-10825\" srcset=\"http:\/\/www.pasadenahoy.com\/primero\/wp-content\/uploads\/2021\/09\/pic5-1.jpg 700w, http:\/\/www.pasadenahoy.com\/primero\/wp-content\/uploads\/2021\/09\/pic5-1-300x162.jpg 300w, http:\/\/www.pasadenahoy.com\/primero\/wp-content\/uploads\/2021\/09\/pic5-1-241x130.jpg 241w, http:\/\/www.pasadenahoy.com\/primero\/wp-content\/uploads\/2021\/09\/pic5-1-333x180.jpg 333w, http:\/\/www.pasadenahoy.com\/primero\/wp-content\/uploads\/2021\/09\/pic5-1-360x194.jpg 360w\" sizes=\"100vw\" \/><\/figure><\/figure>\n\n\n\n<p>El gobernador Gavin Newsom anunci\u00f3 la semana pasada el nombramiento de ocho nuevos jueces del condado de Los \u00c1ngeles, entre ellos Tara L. Newman de Pasadena.<\/p>\n\n\n\n<p>Newman, de 46 a\u00f1os, ha sido fiscal general adjunto del estado en la Oficina del Fiscal General del Departamento de Justicia de California desde 2008. Anteriormente, Newman fue m\u00e9dico individual de 2006 a 2008, asociado en Ivie McNeill &amp; Wyatt de 2003 a 2006 y en Buchalter, Nemer, Fields &amp; Younger de 1998 a 2003.<\/p>\n\n\n\n<p>Junto con Newman, Newsom tambi\u00e9n nombr\u00f3 a otros cinco jueces para el tribunal local. Son:<\/p>\n\n\n\n<p>Abraham C. Meltzer, de 55 a\u00f1os, de Glendale, que ha sido subdirector desde 2018 en la Oficina del Fiscal Federal para el Distrito Central de California, donde comenz\u00f3 a trabajar como fiscal federal adjunto en 2004. Sus puestos anteriores han incluido el de abogado. en la Oficina de Asesor\u00eda Jur\u00eddica de la Universidad Estatal de California de 2000 a 2004, asociado en Irell &amp; Manella LLP de 1997 a 2000 y como fiscal adjunto de distrito del condado de Los \u00c1ngeles de 1995 a 1997.<br>Ramiro P. Cisneros, 53, de Eastvale, quien trabaj\u00f3 como defensor p\u00fablico adjunto para la Oficina del Defensor P\u00fablico del Condado de Los \u00c1ngeles desde 2001 y anteriormente fue asociado en Parker Stanbury LLP de 1999 a 2001.<br>E. Carlos Dom\u00ednguez, 42, de Studio City, quien ha sido fiscal general adjunto del estado desde 2009 y anteriormente fue asociado de Rutan &amp; Tucker LLP de 2005 a 2008. Tambi\u00e9n ha sido profesor de derecho en la Facultad de Derecho de la USC. este a\u00f1o.<br>Benjamin P. Hernandez-Stern, 40, de Washington, DC, quien se ha desempe\u00f1ado como abogado del Comit\u00e9 Judicial, Subcomit\u00e9 de Crimen, Terrorismo y Seguridad Nacional desde 2019. Sus cargos anteriores incluyen trabajar como abogado en la Oficina de Justicia. Programas en la Oficina de Derechos Civiles del Departamento de Justicia de EE. UU. De 2014 a 2019, abogado especial en la Oficina de Acceso a la Justicia del Departamento de Justicia de EE. UU. De 2016 a 2017, subdirector adjunto interino de ejecuci\u00f3n y asistente especial del subdirector de ejecuci\u00f3n y operaciones regionales en la divisi\u00f3n de ejecuci\u00f3n en la Oficina de Derechos Civiles del Departamento de Salud y Servicios Humanos de EE. UU. de 2012 a 2013 y como juez defensor general en la Reserva de la Fuerza A\u00e9rea de EE. UU. desde 2014.<br>Reginald L.Neal, 54, de View Park-Windsor Hills, quien ha sido fiscal adjunto del condado de Los \u00c1ngeles desde 2008 y anteriormente trabaj\u00f3 como fiscal adjunto en el Departamento de Transporte de California de 2006 a 2008 y como oficial asociado de cumplimiento de seguros en el Departamento de Seguros de California de 2001 a 2005.<br>Newsom tambi\u00e9n nombr\u00f3 a dos nuevos jueces del Tribunal Superior para el tribunal del condado de Orange. Son:<\/p>\n\n\n\n<p>Vibhav Mittal, de 39 a\u00f1os, de Yorba Linda, ha sido subdirector de la Oficina del Fiscal de los Estados Unidos para el Distrito Central, donde comenz\u00f3 a trabajar como fiscal adjunto de los Estados Unidos en 2011, y anteriormente ha sido organizador de campo y miembro de campa\u00f1a del Congreso Dem\u00f3crata. Comit\u00e9 de Campa\u00f1a en 2010 y como asociado en Quinn Emanuel LLP de 2008 a 2009.<br>Scott M. Van Camp ha sido comisionado de la Corte Superior del Condado de Orange desde 2019 y anteriormente fue fiscal adjunto de distrito del condado de Orange de 2018 a 2019 y como defensor p\u00fablico adjunto principal en la Oficina del Defensor P\u00fablico del Condado de Orange de 1999 a 2018.<\/p>\n","protected":false},"excerpt":{"rendered":"<p>El gobernador Gavin Newsom anunci\u00f3 la semana pasada el nombramiento de ocho nuevos jueces del condado de Los \u00c1ngeles, entre ellos Tara L. Newman de Pasadena. Newman, de 46 a\u00f1os, ha sido fiscal general adjunto del estado en la Oficina del Fiscal General del Departamento de Justicia de California desde 2008. Anteriormente, Newman fue m\u00e9dico individual de 2006 a 2008, asociado en Ivie McNeill &amp; Wyatt de 2003 a 2006 y en Buchalter, Nemer, Fields &amp; Younger de 1998 a [&hellip;]<\/p>\n","protected":false},"author":4,"featured_media":0,"comment_status":"open","ping_status":"closed","sticky":false,"template":"","format":"standard","meta":[],"categories":[4],"tags":[],"acf":[],"_links":{"self":[{"href":"http:\/\/www.pasadenahoy.com\/primero\/wp-json\/wp\/v2\/posts\/10824"}],"collection":[{"href":"http:\/\/www.pasadenahoy.com\/primero\/wp-json\/wp\/v2\/posts"}],"about":[{"href":"http:\/\/www.pasadenahoy.com\/primero\/wp-json\/wp\/v2\/types\/post"}],"author":[{"embeddable":true,"href":"http:\/\/www.pasadenahoy.com\/primero\/wp-json\/wp\/v2\/users\/4"}],"replies":[{"embeddable":true,"href":"http:\/\/www.pasadenahoy.com\/primero\/wp-json\/wp\/v2\/comments?post=10824"}],"version-history":[{"count":2,"href":"http:\/\/www.pasadenahoy.com\/primero\/wp-json\/wp\/v2\/posts\/10824\/revisions"}],"predecessor-version":[{"id":10827,"href":"http:\/\/www.pasadenahoy.com\/primero\/wp-json\/wp\/v2\/posts\/10824\/revisions\/10827"}],"wp:attachment":[{"href":"http:\/\/www.pasadenahoy.com\/primero\/wp-json\/wp\/v2\/media?parent=10824"}],"wp:term":[{"taxonomy":"category","embeddable":true,"href":"http:\/\/www.pasadenahoy.com\/primero\/wp-json\/wp\/v2\/categories?post=10824"},{"taxonomy":"post_tag","embeddable":true,"href":"http:\/\/www.pasadenahoy.com\/primero\/wp-json\/wp\/v2\/tags?post=10824"}],"curies":[{"name":"wp","href":"https:\/\/api.w.org\/{rel}","templated":true}]}}