{"id":10832,"date":"2021-09-06T16:44:08","date_gmt":"2021-09-06T16:44:08","guid":{"rendered":"http:\/\/www.pasadenahoy.com\/primero\/?p=10832"},"modified":"2021-09-06T16:44:10","modified_gmt":"2021-09-06T16:44:10","slug":"se-espera-clima-calido-y-seco-el-dia-del-trabajo","status":"publish","type":"post","link":"http:\/\/www.pasadenahoy.com\/primero\/la-comunidad\/se-espera-clima-calido-y-seco-el-dia-del-trabajo\/","title":{"rendered":"Se espera clima c\u00e1lido y seco el D\u00eda del Trabajo"},"content":{"rendered":"\n<figure class=\"wp-block-image alignnone size-large\"><figure class=\"alignnone\"><img loading=\"lazy\" width=\"700\" height=\"378\" src=\"http:\/\/www.pasadenahoy.com\/primero\/wp-content\/uploads\/2021\/09\/pic-7-4.jpg\" alt=\"\" class=\"wp-image-10833\" srcset=\"http:\/\/www.pasadenahoy.com\/primero\/wp-content\/uploads\/2021\/09\/pic-7-4.jpg 700w, http:\/\/www.pasadenahoy.com\/primero\/wp-content\/uploads\/2021\/09\/pic-7-4-300x162.jpg 300w, http:\/\/www.pasadenahoy.com\/primero\/wp-content\/uploads\/2021\/09\/pic-7-4-241x130.jpg 241w, http:\/\/www.pasadenahoy.com\/primero\/wp-content\/uploads\/2021\/09\/pic-7-4-333x180.jpg 333w, http:\/\/www.pasadenahoy.com\/primero\/wp-content\/uploads\/2021\/09\/pic-7-4-360x194.jpg 360w\" sizes=\"100vw\" \/><\/figure><\/figure>\n\n\n\n<p>Seg\u00fan el Servicio Meteorol\u00f3gico Nacional, se espera que las altas temperaturas en Pasadena el D\u00eda del Trabajo alcancen los 95 grados.<\/p>\n\n\n\n<p>Los meteor\u00f3logos dijeron que una cresta de construcci\u00f3n de alta presi\u00f3n sobre el centro de California dominar\u00e1 la regi\u00f3n, lo que reducir\u00e1 la humedad relativa y crear\u00e1 condiciones completamente secas.<\/p>\n\n\n\n<p>Las altas temperaturas, combinadas con la humedad extremadamente baja, crear\u00e1n condiciones clim\u00e1ticas cr\u00edticas de incendios hasta el martes en los valles, monta\u00f1as y desiertos del sur de California.<\/p>\n\n\n\n<p>Se espera que el martes comience una tendencia de enfriamiento gradual en todo el sur de Estados Unidos, con m\u00e1ximos que volver\u00e1n a los 80.<\/p>\n\n\n\n<p>El martes, las temperaturas locales bajar\u00e1n a los 80 grados antes de regresar a mediados de los 90 hasta el domingo, cuando las temperaturas bajar\u00e1n a mediados de los 80.<\/p>\n\n\n\n<p>Si viaja al Valle de San Fernando o Santa Clarita para una barbacoa el D\u00eda del Trabajo, espere tres d\u00edgitos.<\/p>\n","protected":false},"excerpt":{"rendered":"<p>Seg\u00fan el Servicio Meteorol\u00f3gico Nacional, se espera que las altas temperaturas en Pasadena el D\u00eda del Trabajo alcancen los 95 grados. Los meteor\u00f3logos dijeron que una cresta de construcci\u00f3n de alta presi\u00f3n sobre el centro de California dominar\u00e1 la regi\u00f3n, lo que reducir\u00e1 la humedad relativa y crear\u00e1 condiciones completamente secas. Las altas temperaturas, combinadas con la humedad extremadamente baja, crear\u00e1n condiciones clim\u00e1ticas cr\u00edticas de incendios hasta el martes en los valles, monta\u00f1as y desiertos del sur de California. Se [&hellip;]<\/p>\n","protected":false},"author":4,"featured_media":0,"comment_status":"open","ping_status":"closed","sticky":false,"template":"","format":"standard","meta":[],"categories":[4],"tags":[],"acf":[],"_links":{"self":[{"href":"http:\/\/www.pasadenahoy.com\/primero\/wp-json\/wp\/v2\/posts\/10832"}],"collection":[{"href":"http:\/\/www.pasadenahoy.com\/primero\/wp-json\/wp\/v2\/posts"}],"about":[{"href":"http:\/\/www.pasadenahoy.com\/primero\/wp-json\/wp\/v2\/types\/post"}],"author":[{"embeddable":true,"href":"http:\/\/www.pasadenahoy.com\/primero\/wp-json\/wp\/v2\/users\/4"}],"replies":[{"embeddable":true,"href":"http:\/\/www.pasadenahoy.com\/primero\/wp-json\/wp\/v2\/comments?post=10832"}],"version-history":[{"count":2,"href":"http:\/\/www.pasadenahoy.com\/primero\/wp-json\/wp\/v2\/posts\/10832\/revisions"}],"predecessor-version":[{"id":10835,"href":"http:\/\/www.pasadenahoy.com\/primero\/wp-json\/wp\/v2\/posts\/10832\/revisions\/10835"}],"wp:attachment":[{"href":"http:\/\/www.pasadenahoy.com\/primero\/wp-json\/wp\/v2\/media?parent=10832"}],"wp:term":[{"taxonomy":"category","embeddable":true,"href":"http:\/\/www.pasadenahoy.com\/primero\/wp-json\/wp\/v2\/categories?post=10832"},{"taxonomy":"post_tag","embeddable":true,"href":"http:\/\/www.pasadenahoy.com\/primero\/wp-json\/wp\/v2\/tags?post=10832"}],"curies":[{"name":"wp","href":"https:\/\/api.w.org\/{rel}","templated":true}]}}