{"id":10852,"date":"2021-09-07T16:06:39","date_gmt":"2021-09-07T16:06:39","guid":{"rendered":"http:\/\/www.pasadenahoy.com\/primero\/?p=10852"},"modified":"2021-09-07T16:06:41","modified_gmt":"2021-09-07T16:06:41","slug":"la-escasez-de-kits-de-prueba-pone-freno-al-programa-de-pruebas-covid-19-semanal-recientemente-lanzado-del-distrito-escolar-unificado-de-pasadena","status":"publish","type":"post","link":"http:\/\/www.pasadenahoy.com\/primero\/la-comunidad\/la-escasez-de-kits-de-prueba-pone-freno-al-programa-de-pruebas-covid-19-semanal-recientemente-lanzado-del-distrito-escolar-unificado-de-pasadena\/","title":{"rendered":"La escasez de kits de prueba pone freno al programa de pruebas COVID-19 semanal recientemente lanzado del Distrito Escolar Unificado de Pasadena"},"content":{"rendered":"\n<figure class=\"wp-block-image alignnone size-large\"><figure class=\"alignnone\"><img loading=\"lazy\" width=\"700\" height=\"378\" src=\"http:\/\/www.pasadenahoy.com\/primero\/wp-content\/uploads\/2021\/09\/pic-2-3.jpg\" alt=\"\" class=\"wp-image-10853\" srcset=\"http:\/\/www.pasadenahoy.com\/primero\/wp-content\/uploads\/2021\/09\/pic-2-3.jpg 700w, http:\/\/www.pasadenahoy.com\/primero\/wp-content\/uploads\/2021\/09\/pic-2-3-300x162.jpg 300w, http:\/\/www.pasadenahoy.com\/primero\/wp-content\/uploads\/2021\/09\/pic-2-3-241x130.jpg 241w, http:\/\/www.pasadenahoy.com\/primero\/wp-content\/uploads\/2021\/09\/pic-2-3-333x180.jpg 333w, http:\/\/www.pasadenahoy.com\/primero\/wp-content\/uploads\/2021\/09\/pic-2-3-360x194.jpg 360w\" sizes=\"100vw\" \/><\/figure><\/figure>\n\n\n\n<p>Apenas unos d\u00edas despu\u00e9s de que lanz\u00f3 un r\u00e9gimen de prueba COVID-19 semanal que puso al distrito a la vanguardia de las escuelas p\u00fablicas de California para el cumplimiento temprano de un mandato de prueba estatal, el Distrito Escolar Unificado de Pasadena se ha topado con un inconveniente.<\/p>\n\n\n\n<p>No tiene suficientes kits de prueba para administrar las pruebas de esta semana en su totalidad, como la semana pasada.<\/p>\n\n\n\n<p>El distrito atribuye la escasez a una acumulaci\u00f3n de proveedores.<\/p>\n\n\n\n<p>El superintendente Brian McDonald dijo que despu\u00e9s de que un env\u00edo esperado no llegara el viernes pasado, el distrito pudo obtener un n\u00famero limitado de kits de un distribuidor diferente.<\/p>\n\n\n\n<p>&#8220;Nuestro director de adquisiciones pudo negociar para que obtuvi\u00e9ramos 600 pruebas de Sam&#8217;s Club con la ayuda de CVS&#8221;, dijo el lunes el superintendente Brian McDonald.<\/p>\n\n\n\n<p>McDonald dijo que la adquisici\u00f3n permitir\u00e1 al distrito probar:<\/p>\n\n\n\n<p>Todos los estudiantes y el personal en cuarentena a trav\u00e9s de nuestros servicios cl\u00ednicos,<br>Todas las citas cl\u00ednicas programadas previamente,<br>Atletas no vacunados, animadores y miembros de la banda que compiten o act\u00faan esta semana. El Dr. McDonald dijo que se conectar\u00e1 personalmente con los directores de las escuelas secundarias para coordinar.<br>McDonald dijo que durante el tiempo reservado para las pruebas en las escuelas, &#8220;nos centraremos en promover la vacunaci\u00f3n y obtener el consentimiento informado de los padres para las pruebas cuando recibamos un nuevo env\u00edo de kits de prueba&#8221;.<\/p>\n\n\n\n<p>El lanzamiento de la semana pasada del programa de pruebas pareci\u00f3 haber ido bien.<\/p>\n\n\n\n<p>El distrito dijo que en un solo d\u00eda hab\u00eda examinado a 816 estudiantes y personal. Las cl\u00ednicas m\u00f3viles de pruebas estaban en las escuelas secundarias el 31 de agosto y el distrito llev\u00f3 a cabo una cl\u00ednica de pruebas en el Centro de Educaci\u00f3n del PUSD.<\/p>\n\n\n\n<p>Aunque la Junta Escolar estableci\u00f3 una fecha de inicio para el 1 de septiembre, un mes completo antes de una orden de salud estatal para comenzar tales pruebas el 1 de octubre, McDonald dijo que el PUSD hab\u00eda comenzado a operar incluso antes, el 30 de agosto.<\/p>\n","protected":false},"excerpt":{"rendered":"<p>Apenas unos d\u00edas despu\u00e9s de que lanz\u00f3 un r\u00e9gimen de prueba COVID-19 semanal que puso al distrito a la vanguardia de las escuelas p\u00fablicas de California para el cumplimiento temprano de un mandato de prueba estatal, el Distrito Escolar Unificado de Pasadena se ha topado con un inconveniente. No tiene suficientes kits de prueba para administrar las pruebas de esta semana en su totalidad, como la semana pasada. El distrito atribuye la escasez a una acumulaci\u00f3n de proveedores. El superintendente [&hellip;]<\/p>\n","protected":false},"author":4,"featured_media":10853,"comment_status":"open","ping_status":"closed","sticky":false,"template":"","format":"standard","meta":[],"categories":[4],"tags":[],"acf":[],"_links":{"self":[{"href":"http:\/\/www.pasadenahoy.com\/primero\/wp-json\/wp\/v2\/posts\/10852"}],"collection":[{"href":"http:\/\/www.pasadenahoy.com\/primero\/wp-json\/wp\/v2\/posts"}],"about":[{"href":"http:\/\/www.pasadenahoy.com\/primero\/wp-json\/wp\/v2\/types\/post"}],"author":[{"embeddable":true,"href":"http:\/\/www.pasadenahoy.com\/primero\/wp-json\/wp\/v2\/users\/4"}],"replies":[{"embeddable":true,"href":"http:\/\/www.pasadenahoy.com\/primero\/wp-json\/wp\/v2\/comments?post=10852"}],"version-history":[{"count":2,"href":"http:\/\/www.pasadenahoy.com\/primero\/wp-json\/wp\/v2\/posts\/10852\/revisions"}],"predecessor-version":[{"id":10855,"href":"http:\/\/www.pasadenahoy.com\/primero\/wp-json\/wp\/v2\/posts\/10852\/revisions\/10855"}],"wp:featuredmedia":[{"embeddable":true,"href":"http:\/\/www.pasadenahoy.com\/primero\/wp-json\/wp\/v2\/media\/10853"}],"wp:attachment":[{"href":"http:\/\/www.pasadenahoy.com\/primero\/wp-json\/wp\/v2\/media?parent=10852"}],"wp:term":[{"taxonomy":"category","embeddable":true,"href":"http:\/\/www.pasadenahoy.com\/primero\/wp-json\/wp\/v2\/categories?post=10852"},{"taxonomy":"post_tag","embeddable":true,"href":"http:\/\/www.pasadenahoy.com\/primero\/wp-json\/wp\/v2\/tags?post=10852"}],"curies":[{"name":"wp","href":"https:\/\/api.w.org\/{rel}","templated":true}]}}