{"id":10856,"date":"2021-09-07T16:12:36","date_gmt":"2021-09-07T16:12:36","guid":{"rendered":"http:\/\/www.pasadenahoy.com\/primero\/?p=10856"},"modified":"2021-09-07T16:12:39","modified_gmt":"2021-09-07T16:12:39","slug":"las-entrevistas-de-la-corte-real-del-torneo-de-rosas-comienzan-el-11-de-septiembre-los-solicitantes-deben-estar-vacunados","status":"publish","type":"post","link":"http:\/\/www.pasadenahoy.com\/primero\/la-comunidad\/las-entrevistas-de-la-corte-real-del-torneo-de-rosas-comienzan-el-11-de-septiembre-los-solicitantes-deben-estar-vacunados\/","title":{"rendered":"Las entrevistas de la Corte Real del Torneo de Rosas comienzan el 11 de septiembre, los solicitantes deben estar vacunados"},"content":{"rendered":"\n<figure class=\"wp-block-image alignnone size-large\"><figure class=\"alignnone\"><img loading=\"lazy\" width=\"700\" height=\"378\" src=\"http:\/\/www.pasadenahoy.com\/primero\/wp-content\/uploads\/2021\/09\/pic3-1.jpg\" alt=\"\" class=\"wp-image-10857\" srcset=\"http:\/\/www.pasadenahoy.com\/primero\/wp-content\/uploads\/2021\/09\/pic3-1.jpg 700w, http:\/\/www.pasadenahoy.com\/primero\/wp-content\/uploads\/2021\/09\/pic3-1-300x162.jpg 300w, http:\/\/www.pasadenahoy.com\/primero\/wp-content\/uploads\/2021\/09\/pic3-1-241x130.jpg 241w, http:\/\/www.pasadenahoy.com\/primero\/wp-content\/uploads\/2021\/09\/pic3-1-333x180.jpg 333w, http:\/\/www.pasadenahoy.com\/primero\/wp-content\/uploads\/2021\/09\/pic3-1-360x194.jpg 360w\" sizes=\"100vw\" \/><figcaption><span class=\"caption-text\">Una joven se para ante los miembros del comit\u00e9 del torneo durante la primera ronda de pruebas para el Torneo de Rosas de Pasadena 2019 Royal Court y Rose Queen. [Foto de James Carbone]<\/span><\/figcaption><\/figure><\/figure>\n\n\n\n<p>Una de las tradiciones m\u00e1s importantes de Pasadena est\u00e1 programada para regresar el 11 de septiembre, cuando se espera que cientos de mujeres j\u00f3venes asistan a la Mansi\u00f3n Wrigley del Torneo de Rosas para entrevistas para la Corte Real de 2022.<br>La primera ronda de sesiones de entrevistas iniciales para los solicitantes elegibles continuar\u00e1 con una segunda sesi\u00f3n el siguiente lunes 13 de septiembre.<\/p>\n\n\n\n<p>Esta es la primera vez que se lleva a cabo el proceso de selecci\u00f3n desde 2019 porque la pandemia oblig\u00f3 a cancelar el Desfile de las Rosas de 2021.<\/p>\n\n\n\n<p>&#8220;Esperamos comenzar el proceso de selecci\u00f3n de la Corte Real de 2022 en menos de dos semanas&#8221;, dijo el Torneo de las Rosas en un comunicado el martes. &#8220;La Reina Rosa y la Corte Real son tradiciones ic\u00f3nicas y esperamos continuar con el preciado legado&#8221;.<\/p>\n\n\n\n<p>Esas siete mujeres j\u00f3venes que finalmente sean seleccionadas para presidir el 133 \u00b0 Rose Bowl y el 108 \u00b0 Rose Bowl Game como miembros de la Corte Real recibir\u00e1n cada una becas de $ 7,500 y servir\u00e1n como embajadoras del Torneo de las Rosas, la comunidad de Pasadena y el gran Los \u00c1ngeles. \u00e1rea \u201d, dec\u00eda una declaraci\u00f3n anterior.<\/p>\n\n\n\n<p>&#8220;Los miembros de Royal Court experimentan innumerables beneficios&#8221;, dijo el Torneo. &#8220;Formar parte de una organizaci\u00f3n dedicada al voluntariado pr\u00e1ctico, descubrir oportunidades para conectarse y retribuir a la comunidad local, desarrollar habilidades para hablar en p\u00fablico y aumentar la confianza en uno mismo&#8221;.<\/p>\n\n\n\n<p>Los oficiales del torneo aseguraron a los estudiantes y padres que se aplicar\u00e1n estrictas pautas de salud para las pr\u00f3ximas sesiones de entrevistas de Royal Court.<\/p>\n\n\n\n<p>&#8220;Hemos implementado los protocolos COVID-19 al organizar el evento al aire libre y exigir que todos los solicitantes est\u00e9n completamente vacunados&#8221;, dijo el comunicado. &#8220;Garantizar la salud y la seguridad de la Corte Real es nuestra primera prioridad y exigir que los participantes est\u00e9n completamente vacunados es la primer paso.&#8221;<\/p>\n\n\n\n<p>Despu\u00e9s del proceso de entrevista inicial, aproximadamente 250 personas ser\u00e1n invitadas a la segunda ronda. De ese grupo, se pedir\u00e1 a unas 75 mujeres j\u00f3venes que participen en la tercera ronda de entrevistas.<\/p>\n\n\n\n<p>El 28 de septiembre, aproximadamente 25 de los candidatos ser\u00e1n anunciados como finalistas, y luego se anunciar\u00e1 la Corte Real de siete miembros el lunes 4 de octubre de 2021.<\/p>\n\n\n\n<p>Anteriormente, el Torneo public\u00f3 los requisitos de elegibilidad y las solicitudes en l\u00ednea.<\/p>\n\n\n\n<p>Tenga en cuenta que la extensi\u00f3n de elegibilidad para aquellos que hubieran sido elegibles para la Corte Real de 2021 pueden solicitarla para la Corte Real de 2022.<\/p>\n\n\n\n<p>Identificarse como mujer, tener al menos 17 a\u00f1os de edad al 31 de diciembre de 2021 y no m\u00e1s de 21 a\u00f1os de edad antes del 5 de enero de 2022<br>Ser un residente de tiempo completo del Distrito de Universidades Comunitarias del \u00c1rea de Pasadena<br>Poseer al menos un promedio de calificaciones de 2.0 en el trabajo del curso del a\u00f1o actual y del a\u00f1o anterior<br>Est\u00e9 disponible para participar, en persona, en todas las sesiones de entrevistas en el oto\u00f1o.<br>Ser un estudiante de \u00faltimo a\u00f1o en la escuela secundaria o estar inscrito como estudiante de tiempo completo (m\u00ednimo 12 unidades) en cualquier escuela o universidad acreditada en el Distrito de Universidades Comunitarias del \u00c1rea de Pasadena<br>Complete la solicitud en l\u00ednea oficial de Royal Court<br>Debe proporcionar prueba de la vacunaci\u00f3n COVID-19 completa y estar completamente vacunado en la sesi\u00f3n de entrevista inicial el 11 de septiembre de 2021 o el 13 de septiembre de 2021<br>El portal de solicitud en l\u00ednea para la Corte Real se encuentra en <a href=\"https:\/\/www.roseparaderoyalcourt.com\/.\">https:\/\/www.roseparaderoyalcourt.com\/.<\/a><\/p>\n\n\n\n<p>Las entrevistas del s\u00e1bado 11 de septiembre se realizar\u00e1n en dos sesiones, de 10 a.m. a<\/p>\n\n\n\n<p>12 p.m. y a partir de la 1 p.m. a las 4 p.m. Habr\u00e1 solo una sesi\u00f3n de entrevistas el lunes 13 de septiembre a partir de las 3 p.m. a las 6 p.m.<\/p>\n\n\n\n<p>Tournament House est\u00e1 ubicada en 391 S Orange Grove Blvd, Pasaden<\/p>\n","protected":false},"excerpt":{"rendered":"<p>Una de las tradiciones m\u00e1s importantes de Pasadena est\u00e1 programada para regresar el 11 de septiembre, cuando se espera que cientos de mujeres j\u00f3venes asistan a la Mansi\u00f3n Wrigley del Torneo de Rosas para entrevistas para la Corte Real de 2022.La primera ronda de sesiones de entrevistas iniciales para los solicitantes elegibles continuar\u00e1 con una segunda sesi\u00f3n el siguiente lunes 13 de septiembre. Esta es la primera vez que se lleva a cabo el proceso de selecci\u00f3n desde 2019 porque [&hellip;]<\/p>\n","protected":false},"author":4,"featured_media":10857,"comment_status":"open","ping_status":"closed","sticky":false,"template":"","format":"standard","meta":[],"categories":[4],"tags":[],"acf":[],"_links":{"self":[{"href":"http:\/\/www.pasadenahoy.com\/primero\/wp-json\/wp\/v2\/posts\/10856"}],"collection":[{"href":"http:\/\/www.pasadenahoy.com\/primero\/wp-json\/wp\/v2\/posts"}],"about":[{"href":"http:\/\/www.pasadenahoy.com\/primero\/wp-json\/wp\/v2\/types\/post"}],"author":[{"embeddable":true,"href":"http:\/\/www.pasadenahoy.com\/primero\/wp-json\/wp\/v2\/users\/4"}],"replies":[{"embeddable":true,"href":"http:\/\/www.pasadenahoy.com\/primero\/wp-json\/wp\/v2\/comments?post=10856"}],"version-history":[{"count":2,"href":"http:\/\/www.pasadenahoy.com\/primero\/wp-json\/wp\/v2\/posts\/10856\/revisions"}],"predecessor-version":[{"id":10859,"href":"http:\/\/www.pasadenahoy.com\/primero\/wp-json\/wp\/v2\/posts\/10856\/revisions\/10859"}],"wp:featuredmedia":[{"embeddable":true,"href":"http:\/\/www.pasadenahoy.com\/primero\/wp-json\/wp\/v2\/media\/10857"}],"wp:attachment":[{"href":"http:\/\/www.pasadenahoy.com\/primero\/wp-json\/wp\/v2\/media?parent=10856"}],"wp:term":[{"taxonomy":"category","embeddable":true,"href":"http:\/\/www.pasadenahoy.com\/primero\/wp-json\/wp\/v2\/categories?post=10856"},{"taxonomy":"post_tag","embeddable":true,"href":"http:\/\/www.pasadenahoy.com\/primero\/wp-json\/wp\/v2\/tags?post=10856"}],"curies":[{"name":"wp","href":"https:\/\/api.w.org\/{rel}","templated":true}]}}