{"id":10868,"date":"2021-09-07T16:30:50","date_gmt":"2021-09-07T16:30:50","guid":{"rendered":"http:\/\/www.pasadenahoy.com\/primero\/?p=10868"},"modified":"2021-09-07T16:30:52","modified_gmt":"2021-09-07T16:30:52","slug":"el-ano-nuevo-judio-comienza-con-servicios-interiores-exteriores-y-en-linea","status":"publish","type":"post","link":"http:\/\/www.pasadenahoy.com\/primero\/la-comunidad\/el-ano-nuevo-judio-comienza-con-servicios-interiores-exteriores-y-en-linea\/","title":{"rendered":"El a\u00f1o nuevo jud\u00edo comienza con servicios interiores, exteriores y en l\u00ednea"},"content":{"rendered":"\n<figure class=\"wp-block-image alignnone size-large\"><figure class=\"alignnone\"><img loading=\"lazy\" width=\"700\" height=\"378\" src=\"http:\/\/www.pasadenahoy.com\/primero\/wp-content\/uploads\/2021\/09\/pic6.png\" alt=\"\" class=\"wp-image-10869\" srcset=\"http:\/\/www.pasadenahoy.com\/primero\/wp-content\/uploads\/2021\/09\/pic6.png 700w, http:\/\/www.pasadenahoy.com\/primero\/wp-content\/uploads\/2021\/09\/pic6-300x162.png 300w, http:\/\/www.pasadenahoy.com\/primero\/wp-content\/uploads\/2021\/09\/pic6-241x130.png 241w, http:\/\/www.pasadenahoy.com\/primero\/wp-content\/uploads\/2021\/09\/pic6-333x180.png 333w, http:\/\/www.pasadenahoy.com\/primero\/wp-content\/uploads\/2021\/09\/pic6-360x194.png 360w\" sizes=\"100vw\" \/><\/figure><\/figure>\n\n\n\n<p>Rosh Hashan\u00e1 comenz\u00f3 al atardecer del lunes, con algunas congregaciones locales y organizaciones jud\u00edas realizando servicios en l\u00ednea y al aire libre por segundo a\u00f1o consecutivo, mientras que los servicios en el interior regresan en otros despu\u00e9s de un a\u00f1o de ausencia.<\/p>\n\n\n\n<p>Rosh Hashan\u00e1 marca el A\u00f1o Nuevo jud\u00edo y marca el comienzo de los D\u00edas de asombro, un per\u00edodo de 10 d\u00edas de arrepentimiento y contemplaci\u00f3n que culmina en Yom Kippur, el D\u00eda de la Expiaci\u00f3n, el d\u00eda m\u00e1s solemne y sombr\u00edo del juda\u00edsmo.<\/p>\n\n\n\n<p>Durante los Altos D\u00edas Santos, la tradici\u00f3n jud\u00eda sostiene que Dios registra el destino de cada persona durante el pr\u00f3ximo a\u00f1o en el Libro de la Vida, que se sella al final de Yom Kippur.<\/p>\n\n\n\n<p>Los servicios que marcan la llegada del a\u00f1o 5782 en el calendario hebreo se llevar\u00e1n a cabo el lunes por la noche (el d\u00eda comienza al atardecer en el calendario hebreo) y el martes. Presentan el sonido del shofar, un cuerno de carnero mencionado en la Tor\u00e1 y utilizado por los jud\u00edos antiguos en ceremonias religiosas y como llamada a las armas, y ahora se utiliza en Rosh Hashan\u00e1 y Yom Kipur.<\/p>\n\n\n\n<p>B\u00edblicamente, a los jud\u00edos se les ordena escuchar el shofar durante los Altos D\u00edas Santos.<\/p>\n\n\n\n<p>Rosh Hashan\u00e1 es un momento en el que los jud\u00edos se re\u00fanen con los miembros de la familia y sus comunidades para reflexionar sobre el a\u00f1o pasado y el comienzo. Los celebrantes tambi\u00e9n comen comidas festivas con manzanas ba\u00f1adas en miel, s\u00edmbolo de los deseos de un a\u00f1o dulce.<\/p>\n\n\n\n<p>Aunque la mayor\u00eda de las congregaciones requieren membres\u00eda y boletos para los servicios de los D\u00edas Santos, algunas sinagogas y organizaciones celebran servicios y celebraciones de Rosh Hashan\u00e1 que est\u00e1n abiertas al p\u00fablico sin cargo.<\/p>\n\n\n\n<p>El Centro Comunitario JEM llevar\u00e1 a cabo lo que anuncia como &#8220;Las Altas Fiestas Bajo los Cielos&#8221; en una carpa en Beverly Hills a las 7:15 p.m. Lunes con espacio para 1,000 personas. Se observar\u00e1 distanciamiento social y se requerir\u00e1n m\u00e1scaras. Se requiere una confirmaci\u00f3n de asistencia en l\u00ednea en <a href=\"https:\/\/www.jemcommunitycenter.com\/events\/high-\">www.jemcommunitycenter.com\/events\/high- holiday-services-2021.<\/a><\/p>\n\n\n\n<p>The Laugh Factory llevar\u00e1 a cabo un servicio gratuito a las 11 a.m. del martes con asistencia en persona limitada a 100 personas debido a los protocolos de distanciamiento social. Los asistentes deben presentar una prueba COVID-19 negativa o una tarjeta de vacunaci\u00f3n antes de ingresar a Laugh Factory. Las m\u00e1scaras son obligatorias para todos los asistentes.<\/p>\n\n\n\n<p>Se requieren reservaciones y se pueden hacer enviando un correo electr\u00f3nico a <a href=\"rowena@laughfactory.com\">rowena@laughfactory.com.<\/a><\/p>\n\n\n\n<p>El servicio se transmitir\u00e1 en el canal de YouTube de The Laugh Factory, en Instagram en laughfactoryhw y en Facebook en @LaughFactoryHW.<\/p>\n\n\n\n<p>Este ser\u00e1 el trig\u00e9simo octavo a\u00f1o consecutivo que The Laugh Factory ofrece servicios gratuitos de High Holy Days.<\/p>\n\n\n\n<p>El Centro M\u00e9dico Cedars-Sinai transmitir\u00e1 un servicio de Rosh Hashan\u00e1 durante las 24 horas a partir de las 7 a.m. del martes en <a href=\"http:\/\/www.cedars-sinai.org\/patients-visitors\/spiritual-care\/judaism\/services.html\">www.cedars-sinai.org\/patients-visiters \/ espiritual-care \/ judaism \/ services.html.<\/a><\/p>\n\n\n\n<p>Los participantes pueden seguir el servicio a trav\u00e9s de un libro de oraciones para las fiestas de fin de a\u00f1o descargable en PDF disponible en <a href=\"http:\/\/www.cedars-sinai.org\/content\/dam\/cedars-%20sinai\/patients\/spiritual-care\/documents\/high-holidays-prayer-book.pdf\">www.cedars-sinai.org\/content\/dam\/cedars- sinai \/ pacientes \/ espiritual-care \/ documentos \/ high-holidays-prayer-book.pdf <\/a>.<\/p>\n\n\n\n<p>En su mensaje de Rosh Hashan\u00e1, el presidente Joe Biden dijo: \u201cRosh Hashan\u00e1 y los d\u00edas de asombro que siguen, exhortan a los que celebran a hacer una pausa, mirar hacia adentro y reflexionar sobre el a\u00f1o pasado. Es el momento de hacer un inventario del alma, un cheshbon hanefesh, y hacernos a nosotros mismos y a los dem\u00e1s preguntas que van m\u00e1s all\u00e1 de nuestra propia fe individual: \u00bfQui\u00e9n quiero ser? \u00bfQu\u00e9 tipo de naci\u00f3n queremos forjar? \u00bfQu\u00e9 tipo de mundo queremos crear?<\/p>\n\n\n\n<p>\u201cEse es el mensaje y el regalo del A\u00f1o Nuevo jud\u00edo: un recordatorio de nuestra capacidad infinita para transformar nuestras vidas y comenzar de nuevo. Colaborar con lo Divino y con nuestros semejantes en el trabajo continuo de la creaci\u00f3n. Reconstruir nuestras comunidades a trav\u00e9s de la empat\u00eda, los actos de bondad y la compasi\u00f3n. Buscar el arrepentimiento, o teshuv\u00e1, cuando no hemos cumplido con nuestros valores.<\/p>\n\n\n\n<p>&#8220;Rosh Hashan\u00e1 es una reafirmaci\u00f3n de que cada uno de nosotros est\u00e1 dotado, en virtud de nuestro Creador y nuestra humanidad com\u00fan, con la capacidad de cerrar la brecha entre el mundo que vemos y el mundo que buscamos&#8221;.<\/p>\n","protected":false},"excerpt":{"rendered":"<p>Rosh Hashan\u00e1 comenz\u00f3 al atardecer del lunes, con algunas congregaciones locales y organizaciones jud\u00edas realizando servicios en l\u00ednea y al aire libre por segundo a\u00f1o consecutivo, mientras que los servicios en el interior regresan en otros despu\u00e9s de un a\u00f1o de ausencia. Rosh Hashan\u00e1 marca el A\u00f1o Nuevo jud\u00edo y marca el comienzo de los D\u00edas de asombro, un per\u00edodo de 10 d\u00edas de arrepentimiento y contemplaci\u00f3n que culmina en Yom Kippur, el D\u00eda de la Expiaci\u00f3n, el d\u00eda m\u00e1s [&hellip;]<\/p>\n","protected":false},"author":4,"featured_media":0,"comment_status":"open","ping_status":"closed","sticky":false,"template":"","format":"standard","meta":[],"categories":[4],"tags":[],"acf":[],"_links":{"self":[{"href":"http:\/\/www.pasadenahoy.com\/primero\/wp-json\/wp\/v2\/posts\/10868"}],"collection":[{"href":"http:\/\/www.pasadenahoy.com\/primero\/wp-json\/wp\/v2\/posts"}],"about":[{"href":"http:\/\/www.pasadenahoy.com\/primero\/wp-json\/wp\/v2\/types\/post"}],"author":[{"embeddable":true,"href":"http:\/\/www.pasadenahoy.com\/primero\/wp-json\/wp\/v2\/users\/4"}],"replies":[{"embeddable":true,"href":"http:\/\/www.pasadenahoy.com\/primero\/wp-json\/wp\/v2\/comments?post=10868"}],"version-history":[{"count":2,"href":"http:\/\/www.pasadenahoy.com\/primero\/wp-json\/wp\/v2\/posts\/10868\/revisions"}],"predecessor-version":[{"id":10871,"href":"http:\/\/www.pasadenahoy.com\/primero\/wp-json\/wp\/v2\/posts\/10868\/revisions\/10871"}],"wp:attachment":[{"href":"http:\/\/www.pasadenahoy.com\/primero\/wp-json\/wp\/v2\/media?parent=10868"}],"wp:term":[{"taxonomy":"category","embeddable":true,"href":"http:\/\/www.pasadenahoy.com\/primero\/wp-json\/wp\/v2\/categories?post=10868"},{"taxonomy":"post_tag","embeddable":true,"href":"http:\/\/www.pasadenahoy.com\/primero\/wp-json\/wp\/v2\/tags?post=10868"}],"curies":[{"name":"wp","href":"https:\/\/api.w.org\/{rel}","templated":true}]}}