{"id":10879,"date":"2021-09-08T16:15:33","date_gmt":"2021-09-08T16:15:33","guid":{"rendered":"http:\/\/www.pasadenahoy.com\/primero\/?p=10879"},"modified":"2021-09-08T16:15:35","modified_gmt":"2021-09-08T16:15:35","slug":"llamadas-locales-dentro-del-codigo-de-area-626-para-requerir-la-marcacion-de-10-digitos-el-proximo-mes","status":"publish","type":"post","link":"http:\/\/www.pasadenahoy.com\/primero\/la-comunidad\/llamadas-locales-dentro-del-codigo-de-area-626-para-requerir-la-marcacion-de-10-digitos-el-proximo-mes\/","title":{"rendered":"Llamadas locales dentro del c\u00f3digo de \u00e1rea 626 para requerir la marcaci\u00f3n de 10 d\u00edgitos el pr\u00f3ximo mes"},"content":{"rendered":"\n<figure class=\"wp-block-image alignnone size-large\"><figure class=\"alignnone\"><img loading=\"lazy\" width=\"700\" height=\"378\" src=\"http:\/\/www.pasadenahoy.com\/primero\/wp-content\/uploads\/2021\/09\/pic-2-4.jpg\" alt=\"\" class=\"wp-image-10880\" srcset=\"http:\/\/www.pasadenahoy.com\/primero\/wp-content\/uploads\/2021\/09\/pic-2-4.jpg 700w, http:\/\/www.pasadenahoy.com\/primero\/wp-content\/uploads\/2021\/09\/pic-2-4-300x162.jpg 300w, http:\/\/www.pasadenahoy.com\/primero\/wp-content\/uploads\/2021\/09\/pic-2-4-241x130.jpg 241w, http:\/\/www.pasadenahoy.com\/primero\/wp-content\/uploads\/2021\/09\/pic-2-4-333x180.jpg 333w, http:\/\/www.pasadenahoy.com\/primero\/wp-content\/uploads\/2021\/09\/pic-2-4-360x194.jpg 360w\" sizes=\"100vw\" \/><\/figure><\/figure>\n\n\n\n<p>Las personas que llamen dentro del c\u00f3digo de \u00e1rea 626 deber\u00e1n marcar n\u00fameros completos de 10 d\u00edgitos, incluido el c\u00f3digo de \u00e1rea, cuando realicen llamadas locales a partir del pr\u00f3ximo mes, ya que los operadores de telefon\u00eda hacen cambios para permitir la adopci\u00f3n de &#8216;988&#8217; a trav\u00e9s de la naci\u00f3n como n\u00famero de acceso. para la L\u00ednea Nacional de Prevenci\u00f3n del Suicidio, seg\u00fan la Comisi\u00f3n Federal de Comunicaciones.<\/p>\n\n\n\n<p>Seg\u00fan la ley federal, 988 se establecer\u00e1 como el n\u00famero nacional para llegar a Lifeline antes del 16 de julio de 2022.<\/p>\n\n\n\n<p>Pero para que el sistema funcione, se deben realizar cambios en la forma en que operan las llamadas telef\u00f3nicas en 82 c\u00f3digos de \u00e1rea en 35 estados, incluido el 626, dijo la FCC en un comunicado escrito.<\/p>\n\n\n\n<p>Dichos c\u00f3digos de \u00e1rea, que usan &#8220;988&#8221; como su actual intercambio local, o c\u00f3digo de oficina central, dijeron los funcionarios.<\/p>\n\n\n\n<p>\u201cPara prepararse para la implementaci\u00f3n de una forma r\u00e1pida de marcar la L\u00ednea Nacional de Prevenci\u00f3n del Suicidio, usando solo &#8216;988&#8217; para conectar a las personas que llaman con la L\u00ednea de Vida, estos c\u00f3digos de \u00e1rea deben pasar a la marcaci\u00f3n de 10 d\u00edgitos para todas las llamadas, incluidas las llamadas locales\u201d, el comunicado dijo.<\/p>\n\n\n\n<p>Se esperaba que el cambio entrara en vigencia el 24 de octubre, dijeron las autoridades. El sistema de marcaci\u00f3n de 10 d\u00edgitos ha estado funcionando en los c\u00f3digos de \u00e1rea afectados desde abril.<\/p>\n\n\n\n<p>\u201cA partir del 24 de octubre de 2021, debe marcar diez d\u00edgitos (c\u00f3digo de \u00e1rea + n\u00famero de tel\u00e9fono) para todas las llamadas locales\u201d, dice el comunicado de la FCC. \u201cA partir de esta fecha, es posible que las llamadas locales marcadas con solo siete d\u00edgitos no se conecten, y una grabaci\u00f3n le informar\u00e1 que su llamada no se puede completar como se marc\u00f3. Debe colgar y volver a marcar con el c\u00f3digo de \u00e1rea y el n\u00famero de siete d\u00edgitos &#8220;.<\/p>\n\n\n\n<p>Las empresas o las personas que utilizan sistemas telef\u00f3nicos PBX o VoIP pueden necesitar reprogramar los sistemas para utilizar la marcaci\u00f3n de 10 d\u00edgitos.<\/p>\n\n\n\n<p>&#8220;Debe planear completar cualquier reprogramaci\u00f3n necesaria y probar su sistema antes de octubre de 2021&#8221;, agrega el comunicado.<\/p>\n\n\n\n<p>Incluso despu\u00e9s de que se hayan implementado los cambios, la L\u00ednea Nacional de Prevenci\u00f3n del Suicidio tambi\u00e9n permanecer\u00e1 accesible llamando al (800) -273-8255, dijeron las autoridades.<\/p>\n\n\n\n<p>M\u00e1s informaci\u00f3n de la FCC est\u00e1 disponible en l\u00ednea en <a href=\"https:\/\/www.fcc.gov\/consumers\/guides\/ten-digit-dialing\">fcc.gov\/consumers\/guides\/ten-digit-dialing.<\/a><\/p>\n","protected":false},"excerpt":{"rendered":"<p>Las personas que llamen dentro del c\u00f3digo de \u00e1rea 626 deber\u00e1n marcar n\u00fameros completos de 10 d\u00edgitos, incluido el c\u00f3digo de \u00e1rea, cuando realicen llamadas locales a partir del pr\u00f3ximo mes, ya que los operadores de telefon\u00eda hacen cambios para permitir la adopci\u00f3n de &#8216;988&#8217; a trav\u00e9s de la naci\u00f3n como n\u00famero de acceso. para la L\u00ednea Nacional de Prevenci\u00f3n del Suicidio, seg\u00fan la Comisi\u00f3n Federal de Comunicaciones. Seg\u00fan la ley federal, 988 se establecer\u00e1 como el n\u00famero nacional para [&hellip;]<\/p>\n","protected":false},"author":4,"featured_media":10880,"comment_status":"open","ping_status":"closed","sticky":false,"template":"","format":"standard","meta":[],"categories":[4],"tags":[],"acf":[],"_links":{"self":[{"href":"http:\/\/www.pasadenahoy.com\/primero\/wp-json\/wp\/v2\/posts\/10879"}],"collection":[{"href":"http:\/\/www.pasadenahoy.com\/primero\/wp-json\/wp\/v2\/posts"}],"about":[{"href":"http:\/\/www.pasadenahoy.com\/primero\/wp-json\/wp\/v2\/types\/post"}],"author":[{"embeddable":true,"href":"http:\/\/www.pasadenahoy.com\/primero\/wp-json\/wp\/v2\/users\/4"}],"replies":[{"embeddable":true,"href":"http:\/\/www.pasadenahoy.com\/primero\/wp-json\/wp\/v2\/comments?post=10879"}],"version-history":[{"count":2,"href":"http:\/\/www.pasadenahoy.com\/primero\/wp-json\/wp\/v2\/posts\/10879\/revisions"}],"predecessor-version":[{"id":10882,"href":"http:\/\/www.pasadenahoy.com\/primero\/wp-json\/wp\/v2\/posts\/10879\/revisions\/10882"}],"wp:featuredmedia":[{"embeddable":true,"href":"http:\/\/www.pasadenahoy.com\/primero\/wp-json\/wp\/v2\/media\/10880"}],"wp:attachment":[{"href":"http:\/\/www.pasadenahoy.com\/primero\/wp-json\/wp\/v2\/media?parent=10879"}],"wp:term":[{"taxonomy":"category","embeddable":true,"href":"http:\/\/www.pasadenahoy.com\/primero\/wp-json\/wp\/v2\/categories?post=10879"},{"taxonomy":"post_tag","embeddable":true,"href":"http:\/\/www.pasadenahoy.com\/primero\/wp-json\/wp\/v2\/tags?post=10879"}],"curies":[{"name":"wp","href":"https:\/\/api.w.org\/{rel}","templated":true}]}}